{"id":970,"date":"2022-06-15T10:00:43","date_gmt":"2022-06-15T13:00:43","guid":{"rendered":"https:\/\/lealqueiroz.adv.br\/?p=970"},"modified":"2023-10-25T00:30:13","modified_gmt":"2023-10-25T03:30:13","slug":"caso-mudanca-de-endereco-de-pessoa-juridica-seja-registrada-em-junta-comercial-e-nula-a-citacao-em-endereco-antigo","status":"publish","type":"post","link":"https:\/\/lealqueiroz.adv.br\/?p=970","title":{"rendered":"Caso mudan\u00e7a de endere\u00e7o de Pessoa Jur\u00eddica seja registrada em Junta Comercial, \u00e9 nula a cita\u00e7\u00e3o em endere\u00e7o antigo"},"content":{"rendered":"<p>A 3\u00aa Turma do Superior Tribunal de Justi\u00e7a, em 05 de abril deste ano, atrav\u00e9s do RECURSO ESPECIAL N\u00ba 1976741 \u2013 RJ1, decidiu que n\u00e3o deve ser considerada v\u00e1lida cita\u00e7\u00e3o de pessoa jur\u00eddica, em endere\u00e7o diverso do registrado na Junta Comercial, mesmo que o endere\u00e7o antigo ainda permane\u00e7a inalterado em site eletr\u00f4nico da empresa.<\/p>\n<p>Para a Turma, \u00e9 da extrema relev\u00e2ncia o respeito \u00e0 regularidade formal do ato citat\u00f3rio, devido a sua primordial import\u00e2ncia na forma\u00e7\u00e3o da rela\u00e7\u00e3o processual.<\/p>\n<p>Os fundamentos primordiais para tal entendimento foram os seguintes:<\/p>\n<p>a) o endere\u00e7o da empresa j\u00e1 havia sido alterado \u00e0 \u00e9poca da cita\u00e7\u00e3o pelo correio, inclusive com o arquivamento do ato societ\u00e1rio correspondente na Junta Comercial;<\/p>\n<p>b) a exist\u00eancia de diversos ac\u00f3rd\u00e3os de outros tribunais entendendo pela necessidade de verifica\u00e7\u00e3o do endere\u00e7o da pessoa jur\u00eddica nos arquivos da Junta Comercial, sendo inv\u00e1lido aquele informado no s\u00edtio eletr\u00f4nico da empresa e;<\/p>\n<p>c) n\u00e3o existiam provas de que o recebedor da carta de cita\u00e7\u00e3o seria o porteiro do edif\u00edcio comercial.<\/p>\n<p>Ainda sobre este \u00faltimo fundamento, \u00e9 necess\u00e1rio pontuar que ele \u00e9 respons\u00e1vel pela inaplicabilidade da Teoria da Apar\u00eancia ao caso concreto, j\u00e1 que a carta de cita\u00e7\u00e3o foi entregue em endere\u00e7o no qual a empresa n\u00e3o mais mantinha a sua sede, al\u00e9m disso, n\u00e3o foi constatado, se o recebedor da carta teria algum v\u00ednculo com a empresa ou se era porteiro do edif\u00edcio comercial.<\/p>\n<p>Diante disso, em resumo, segundo o Superior Tribunal de Justi\u00e7a, n\u00e3o \u00e9 poss\u00edvel, validar uma cita\u00e7\u00e3o nula como forma de penalizar a pessoa jur\u00eddica, \u00e9 necess\u00e1ria apura\u00e7\u00e3o do seu atual endere\u00e7o registrado junto \u00e0 Junta comercial para, assim, ser\u00a0v\u00e1lido o ato citat\u00f3rio, independente do endere\u00e7o fornecido em site eletr\u00f4nico da empresa.<\/p>\n<p>&nbsp;<\/p>\n<p>Texto por:\u00a0<a href=\"https:\/\/lealqueiroz.adv.br\/equipe\/sarah-ismenia\/\"><strong>Sarah Ism\u00eania (<\/strong><strong>Advogada na \u00e1rea de Direito Processual Civil)<\/strong><\/a><\/p>\n<p>&nbsp;<\/p>\n<p>Fonte:<\/p>\n<p><a href=\"https:\/\/www.stj.jus.br\/sites\/portalp\/Paginas\/Comunicacao\/Noticias\/24052022-E-invalida-citacao-em-endereco-antigo-se-a-mudanca-foi-registrada-na-Junta-Comercial.aspx\">https:\/\/www.stj.jus.br\/sites\/portalp\/Paginas\/Comunicacao\/Noticias\/24052022-E-invalida-citacao-em-endereco-antigo-se-a-mudanca-foi-registrada-na-Junta-Comercial.aspx.<\/a><\/p>\n","protected":false},"excerpt":{"rendered":"<p>A 3\u00aa Turma do Superior Tribunal de Justi\u00e7a, em 05 de abril deste ano, atrav\u00e9s do RECURSO ESPECIAL N\u00ba 1976741 \u2013 RJ1, decidiu que n\u00e3o deve ser considerada v\u00e1lida cita\u00e7\u00e3o de pessoa jur\u00eddica, em endere\u00e7o diverso do registrado na Junta Comercial, mesmo que o endere\u00e7o antigo ainda permane\u00e7a inalterado em site eletr\u00f4nico da empresa. Para [&hellip;]<\/p>\n","protected":false},"author":7,"featured_media":973,"comment_status":"closed","ping_status":"open","sticky":false,"template":"","format":"standard","meta":{"_acf_changed":false,"footnotes":""},"categories":[3],"tags":[],"class_list":["post-970","post","type-post","status-publish","format-standard","has-post-thumbnail","hentry","category-artigos"],"acf":[],"_links":{"self":[{"href":"https:\/\/lealqueiroz.adv.br\/index.php?rest_route=\/wp\/v2\/posts\/970","targetHints":{"allow":["GET"]}}],"collection":[{"href":"https:\/\/lealqueiroz.adv.br\/index.php?rest_route=\/wp\/v2\/posts"}],"about":[{"href":"https:\/\/lealqueiroz.adv.br\/index.php?rest_route=\/wp\/v2\/types\/post"}],"author":[{"embeddable":true,"href":"https:\/\/lealqueiroz.adv.br\/index.php?rest_route=\/wp\/v2\/users\/7"}],"replies":[{"embeddable":true,"href":"https:\/\/lealqueiroz.adv.br\/index.php?rest_route=%2Fwp%2Fv2%2Fcomments&post=970"}],"version-history":[{"count":6,"href":"https:\/\/lealqueiroz.adv.br\/index.php?rest_route=\/wp\/v2\/posts\/970\/revisions"}],"predecessor-version":[{"id":979,"href":"https:\/\/lealqueiroz.adv.br\/index.php?rest_route=\/wp\/v2\/posts\/970\/revisions\/979"}],"wp:featuredmedia":[{"embeddable":true,"href":"https:\/\/lealqueiroz.adv.br\/index.php?rest_route=\/wp\/v2\/media\/973"}],"wp:attachment":[{"href":"https:\/\/lealqueiroz.adv.br\/index.php?rest_route=%2Fwp%2Fv2%2Fmedia&parent=970"}],"wp:term":[{"taxonomy":"category","embeddable":true,"href":"https:\/\/lealqueiroz.adv.br\/index.php?rest_route=%2Fwp%2Fv2%2Fcategories&post=970"},{"taxonomy":"post_tag","embeddable":true,"href":"https:\/\/lealqueiroz.adv.br\/index.php?rest_route=%2Fwp%2Fv2%2Ftags&post=970"}],"curies":[{"name":"wp","href":"https:\/\/api.w.org\/{rel}","templated":true}]}}