{"id":863,"date":"2022-04-29T10:04:53","date_gmt":"2022-04-29T13:04:53","guid":{"rendered":"https:\/\/lealqueiroz.adv.br\/?p=863"},"modified":"2023-10-25T00:29:25","modified_gmt":"2023-10-25T03:29:25","slug":"governo-publica-portaria-com-o-fim-da-emergencia-sanitaria","status":"publish","type":"post","link":"https:\/\/lealqueiroz.adv.br\/?p=863","title":{"rendered":"Governo publica portaria com o fim da emerg\u00eancia sanit\u00e1ria"},"content":{"rendered":"<p style=\"font-weight: 400;\">O Minist\u00e9rio da Sa\u00fade publicou ontem\u00a0(22) portaria encerrando oficialmente a Emerg\u00eancia em Sa\u00fade P\u00fablica de Import\u00e2ncia Nacional (ESPIN) em decorr\u00eancia da covid-19. Publicada em\u00a0<b><strong><a href=\"https:\/\/www.in.gov.br\/en\/web\/dou\/-\/portaria-gm\/ms-n-913-de-22-de-abril-de-2022-394545491\">edi\u00e7\u00e3o extra<\/a> do Di\u00e1rio Oficial da Uni\u00e3o,<\/strong><\/b>\u00a0 a portaria passa a valer daqui a 30 dias para adequa\u00e7\u00e3o dos governos federal, estaduais e municipais. A norma\u00a0<b><strong>foi\u00a0assinada\u00a0ontem\u00a0(22) pelo ministro Marcelo Queiroga<\/strong><\/b>.<\/p>\n<p style=\"font-weight: 400;\">O texto alerta para a necessidade de manuten\u00e7\u00e3o do Plano de Conting\u00eancia Nacional para Infec\u00e7\u00e3o Humana pelo novo Coronav\u00edrus, \u201ccom base na constante avalia\u00e7\u00e3o t\u00e9cnica dos poss\u00edveis riscos \u00e0 sa\u00fade p\u00fablica brasileira e das necess\u00e1rias a\u00e7\u00f5es para seu enfrentamento\u201d.<\/p>\n<p style=\"font-weight: 400;\">Na ocasi\u00e3o da assinatura da portaria, Queiroga afirmou que o Sistema \u00danico de Sa\u00fade tem condi\u00e7\u00f5es de manter as a\u00e7\u00f5es e o aporte de recursos para a vigil\u00e2ncia em sa\u00fade.<\/p>\n<p style=\"font-weight: 400;\">\u201cMesmo que tenhamos casos de covid-19, porque o v\u00edrus vai continuar circulando, se houver necessidade de atendimento na aten\u00e7\u00e3o prim\u00e1ria e leitos de UTI, temos condi\u00e7\u00e3o de atender\u201d, disse ele, em entrevista coletiva.<\/p>\n<p style=\"font-weight: 400;\">Um dos impactos do fim da emerg\u00eancia recai sobre as medidas de restri\u00e7\u00e3o e preven\u00e7\u00e3o, como a obrigatoriedade do uso de m\u00e1scaras, definida por estados e munic\u00edpios. Queiroga afirmou que \u201cn\u00e3o faz mais sentido esse tipo de medida\u201d. Outro efeito do fim da emerg\u00eancia ser\u00e1 sobre a exig\u00eancia de vacina\u00e7\u00e3o para acesso a locais fechados, medida, ali\u00e1s, criticada pelo ministro.<\/p>\n<p style=\"font-weight: 400;\">Diverg\u00eancia<\/p>\n<p style=\"font-weight: 400;\">Nesta semana, os conselhos de secret\u00e1rios de Sa\u00fade de estados (Conass) e munic\u00edpios (Conasems) questionaram o fim da emerg\u00eancia e pediram um prazo maior, de 90 dias, em vez de 30 dias, para adapta\u00e7\u00e3o.<\/p>\n<p style=\"font-weight: 400;\">\u201cSob o risco de desassist\u00eancia \u00e0 popula\u00e7\u00e3o, solicitamos ao Minist\u00e9rio da Sa\u00fade que a revoga\u00e7\u00e3o da Portaria MS\/GM n\u00ba 188, de\u00a03 de fevereiro\u00a0de 2020, estabele\u00e7a prazo de 90 dias para sua vig\u00eancia e que seja acompanhada de medidas de transi\u00e7\u00e3o pactuadas, focadas na mobiliza\u00e7\u00e3o pela vacina\u00e7\u00e3o e na elabora\u00e7\u00e3o de um plano de retomada capaz de definir indicadores e estrat\u00e9gias de controle com vigil\u00e2ncia integrada das s\u00edndromes respirat\u00f3rias\u201d, diz o of\u00edcio das entidades.<\/p>\n<p style=\"font-weight: 400;\">Na entrevista coletiva realizada\u00a0ontem, Queiroga comentou a posi\u00e7\u00e3o dos conselhos de secret\u00e1rios de sa\u00fade e citou os exemplos do Distrito Federal e do Rio\u00a0de Janeiro\u00a0para sustentar a posi\u00e7\u00e3o do minist\u00e9rio.<\/p>\n<p style=\"font-weight: 400;\">\u201cEu sei que secret\u00e1rios dos estados e munic\u00edpios queriam que o prazo fosse maior. Mas olha, o governador Ibaneis Rocha j\u00e1 cancelou o decreto do DF e o governador Cl\u00e1udio Castro vai fazer o mesmo no Rio\u00a0de Janeiro. N\u00e3o vejo muita dificuldade para que secretarias estaduais e municipais se ad\u00e9quem\u201d.<\/p>\n<p style=\"font-weight: 400;\">Edi\u00e7\u00e3o: L\u00edlian Beraldo<\/p>\n<p style=\"font-weight: 400;\">Por Marcelo Brand\u00e3o &#8211; Rep\u00f3rter da Ag\u00eancia Brasil &#8211; Bras\u00edlia<\/p>\n<p style=\"font-weight: 400;\"><a href=\"https:\/\/www.abras.com.br\/clipping\/juridico\/110719\/governo-publica-portaria-com-o-fim-da-emergencia-sanitaria\">Fonte: ABRAS (Associa\u00e7\u00e3o Brasileira de Supermercados)<\/a><\/p>\n","protected":false},"excerpt":{"rendered":"<p>O Minist\u00e9rio da Sa\u00fade publicou ontem\u00a0(22) portaria encerrando oficialmente a Emerg\u00eancia em Sa\u00fade P\u00fablica de Import\u00e2ncia Nacional (ESPIN) em decorr\u00eancia da covid-19. Publicada em\u00a0edi\u00e7\u00e3o extra do Di\u00e1rio Oficial da Uni\u00e3o,\u00a0 a portaria passa a valer daqui a 30 dias para adequa\u00e7\u00e3o dos governos federal, estaduais e municipais. A norma\u00a0foi\u00a0assinada\u00a0ontem\u00a0(22) pelo ministro Marcelo Queiroga. O texto [&hellip;]<\/p>\n","protected":false},"author":7,"featured_media":866,"comment_status":"closed","ping_status":"open","sticky":false,"template":"","format":"standard","meta":{"_acf_changed":false,"footnotes":""},"categories":[4],"tags":[],"class_list":["post-863","post","type-post","status-publish","format-standard","has-post-thumbnail","hentry","category-noticias"],"acf":[],"_links":{"self":[{"href":"https:\/\/lealqueiroz.adv.br\/index.php?rest_route=\/wp\/v2\/posts\/863","targetHints":{"allow":["GET"]}}],"collection":[{"href":"https:\/\/lealqueiroz.adv.br\/index.php?rest_route=\/wp\/v2\/posts"}],"about":[{"href":"https:\/\/lealqueiroz.adv.br\/index.php?rest_route=\/wp\/v2\/types\/post"}],"author":[{"embeddable":true,"href":"https:\/\/lealqueiroz.adv.br\/index.php?rest_route=\/wp\/v2\/users\/7"}],"replies":[{"embeddable":true,"href":"https:\/\/lealqueiroz.adv.br\/index.php?rest_route=%2Fwp%2Fv2%2Fcomments&post=863"}],"version-history":[{"count":5,"href":"https:\/\/lealqueiroz.adv.br\/index.php?rest_route=\/wp\/v2\/posts\/863\/revisions"}],"predecessor-version":[{"id":872,"href":"https:\/\/lealqueiroz.adv.br\/index.php?rest_route=\/wp\/v2\/posts\/863\/revisions\/872"}],"wp:featuredmedia":[{"embeddable":true,"href":"https:\/\/lealqueiroz.adv.br\/index.php?rest_route=\/wp\/v2\/media\/866"}],"wp:attachment":[{"href":"https:\/\/lealqueiroz.adv.br\/index.php?rest_route=%2Fwp%2Fv2%2Fmedia&parent=863"}],"wp:term":[{"taxonomy":"category","embeddable":true,"href":"https:\/\/lealqueiroz.adv.br\/index.php?rest_route=%2Fwp%2Fv2%2Fcategories&post=863"},{"taxonomy":"post_tag","embeddable":true,"href":"https:\/\/lealqueiroz.adv.br\/index.php?rest_route=%2Fwp%2Fv2%2Ftags&post=863"}],"curies":[{"name":"wp","href":"https:\/\/api.w.org\/{rel}","templated":true}]}}