{"id":857,"date":"2022-04-25T12:03:15","date_gmt":"2022-04-25T15:03:15","guid":{"rendered":"https:\/\/lealqueiroz.adv.br\/?p=857"},"modified":"2023-10-25T00:29:20","modified_gmt":"2023-10-25T03:29:20","slug":"como-a-autoridade-nacional-de-protecao-de-dados-ira-fiscalizar-e-aplicar-penalidades-em-caso-de-descumprimento-da-lei-geral-de-protecao-de-dados","status":"publish","type":"post","link":"https:\/\/lealqueiroz.adv.br\/?p=857","title":{"rendered":"Como a Autoridade Nacional de Prote\u00e7\u00e3o de Dados ir\u00e1 fiscalizar e aplicar penalidades em caso de descumprimento da Lei Geral de Prote\u00e7\u00e3o de Dados?"},"content":{"rendered":"<p>Como explanado em posts anteriores, com a entrada em vigor das san\u00e7\u00f5es previstas no artigo 52, da Lei Geral de Prote\u00e7\u00e3o de Dados (Lei n.\u00ba 13.709\/18), a contar do dia 1\u00ba de agosto de 2021, as pessoas jur\u00eddicas, de direito p\u00fablico e privado, que realizam o tratamento de dados pessoais podem ser alvos de fiscaliza\u00e7\u00f5es e autua\u00e7\u00f5es realizadas pelos \u00f3rg\u00e3os competentes, em especial a Autoridade Nacional de Prote\u00e7\u00e3o de Dados (ANPD).<\/p>\n<p>Pois bem, n\u00e3o obstante a ANPD, \u00f3rg\u00e3o respons\u00e1vel por zelar, implementar e fiscalizar o cumprimento da LGPD no Brasil, informar que sua atua\u00e7\u00e3o em 2022 seria direcionada para orientar e educar os envolvidos no tratamento de dados pessoais, o Diretor-Presidente da ANPD, Waldemar Gon\u00e7alves Ortunho Junior, afirmou, no \u00ednicio de 2022, que quaisquer infra\u00e7\u00f5es cometidas aos termos da referida lei, ap\u00f3s a entrada em vigor das suas san\u00e7\u00f5es administrativas, ser\u00e3o pass\u00edveis de puni\u00e7\u00e3o, com exce\u00e7\u00e3o daqueles que j\u00e1 se adequaram e cumprem os ditames da legisla\u00e7\u00e3o de prote\u00e7\u00e3o de dados.<\/p>\n<p>Para tanto, a ANPD publicou o Resolu\u00e7\u00e3o CD\/ANPD n.\u00ba 1, em 28 de outubro de 2021, com o objetivo de firmar as diretrizes a serem seguidas em suas fiscaliza\u00e7\u00f5es, autua\u00e7\u00f5es administrativas e os procedimentos administrativos de aplica\u00e7\u00e3o de penalidades em caso de desobedi\u00eancia aos termos da Lei Geral de Prote\u00e7\u00e3o de Dados.<\/p>\n<p>Nessa perspectiva, a ANPD poder\u00e1 iniciar os procedimentos de fiscaliza\u00e7\u00e3o por meio de den\u00fancias realizadas no seu s\u00edtio eletr\u00f4nico pelo titular dos dados, e, ainda, poder\u00e1 atuar de forma coordenada com outras autoridades de fiscaliza\u00e7\u00e3o, a exemplo da Procuradoria de Prote\u00e7\u00e3o e Defesa do Consumidor (Procon).<\/p>\n<p>Caso verifique ind\u00edcios concretos de condutas il\u00edticas, a Autoridade Nacional poder\u00e1 requisitar aos agentes de tratamento dos dados as informa\u00e7\u00f5es relativas ao tratamento dos dados pessoais por eles realizados, solicitar o acesso \u00e0s suas instala\u00ad\u00e7\u00f5es f\u00edsicas, aos equipamentos eletr\u00f4nicos e aos sistemas, bem como exigir informa\u00e7\u00f5es sobre as medidas utilizadas para seguran\u00e7a dos dados. A referida autoridade poder\u00e1, ainda, interromper situa\u00e7\u00f5es de danos ou riscos aos titulares, garantir a conformidade dos infratores \u00e0 LGPD; e iniciar procedimento administrativo para aplicar as puni\u00e7\u00f5es cab\u00edveis.<\/p>\n<p>\u00c9 importante destacar que, antes de aplicar as puni\u00e7\u00f5es supracitadas, a ANPD deve apreciar criteriosamente a gravidade da conduta il\u00edcita, os dados pessoais afetados, as condi\u00e7\u00f5es econ\u00f4micas dos infratores, e a demonstra\u00e7\u00e3o de boa-f\u00e9 dos agentes de tratamentos dos dados ao adotarem medidas preventivas e corretivas, conforme os termos da LGPD. Al\u00e9m disso, deve garantir, obrigatoriamente, ao infrator a oportunidade de se defender administrativamente de modo a assegurar o contradit\u00f3rio e a ampla defesa.<\/p>\n<p>Diante o exposto, n\u00e3o espere que sua empresa seja fiscalizada para se adequar \u00e0 legisla\u00e7\u00e3o de prote\u00e7\u00e3o de dados, isto porque, em caso de descumprimento aos termos da lei, a ANPD poder\u00e1 autuar sua empresa e, por conseguinte, aplicar as penalidades administrativas acima mencionadas.<\/p>\n<p>&nbsp;<\/p>\n<p>Texto por:\u00a0<a href=\"https:\/\/lealqueiroz.adv.br\/equipe\/lizandra-batista\/\"><strong>Lizandra Batista (<\/strong><strong>Advogada da \u00e1rea LGPD)<\/strong><\/a><\/p>\n<h4>RESTARAM D\u00daVIDAS? ENTRE EM CONTATO CONOSCO<\/h4>\n<p>LEAL QUEIROZ ADVOCACIA CORPORATIVA<br \/>\n(83) 3077-2107<br \/>\n<a href=\"mailto:contato@lealqueiroz.adv.br\">contato@lealqueiroz.adv.br<\/a><\/p>\n<p>&nbsp;<\/p>\n<p><strong>Bibliografia<\/strong><\/p>\n<p>ANPD. <strong>RESOLU\u00c7\u00c3O CD\/ANPD n.\u00ba 1. 28 de outubro de 202<\/strong>1. Dispon\u00edvel em: &lt;<a href=\"https:\/\/www.in.gov.br\/en\/web\/dou\/-\/resolucao-cd\/anpd-n-1-de-28-de-outubro-de-2021-355817513#:~:text=1%C2%BA%20Este%20Regulamento%20tem%20por,Prote%C3%A7%C3%A3o%20de%20Dados%20(ANPD)\">https:\/\/www.in.gov.br\/en\/web\/dou\/-\/resolucao-cd\/anpd-n-1-de-28-de-outubro-de-2021-355817513#:~:text=1%C2%BA%20Este%20Regulamento%20tem%20por,Prote%C3%A7%C3%A3o%20de%20Dados%20(ANPD)<\/a>&gt;. Acesso em: 13 de abril de 2022.<\/p>\n<p>CHAVES, M\u00c1RCIO MELLO et. Al. CONJUR, 2022. <strong>Fui Autuado pela ANPD, e agora? Fiscaliza\u00e7\u00e3o e aplica\u00e7\u00e3o de san\u00e7\u00f5es da LGPD<\/strong>. Dispon\u00edvel em: &lt;<a href=\"https:\/\/www.conjur.com.br\/2022-abr-02\/fui-autuado-anpd-agora\">https:\/\/www.conjur.com.br\/2022-abr-02\/fui-autuado-anpd-agora<\/a>&gt;.\u00a0 Acesso em: 13 de abril de 2022.<\/p>\n","protected":false},"excerpt":{"rendered":"<p>Como explanado em posts anteriores, com a entrada em vigor das san\u00e7\u00f5es previstas no artigo 52, da Lei Geral de Prote\u00e7\u00e3o de Dados (Lei n.\u00ba 13.709\/18), a contar do dia 1\u00ba de agosto de 2021, as pessoas jur\u00eddicas, de direito p\u00fablico e privado, que realizam o tratamento de dados pessoais podem ser alvos de fiscaliza\u00e7\u00f5es [&hellip;]<\/p>\n","protected":false},"author":7,"featured_media":860,"comment_status":"closed","ping_status":"open","sticky":false,"template":"","format":"standard","meta":{"_acf_changed":false,"footnotes":""},"categories":[3],"tags":[],"class_list":["post-857","post","type-post","status-publish","format-standard","has-post-thumbnail","hentry","category-artigos"],"acf":[],"_links":{"self":[{"href":"https:\/\/lealqueiroz.adv.br\/index.php?rest_route=\/wp\/v2\/posts\/857","targetHints":{"allow":["GET"]}}],"collection":[{"href":"https:\/\/lealqueiroz.adv.br\/index.php?rest_route=\/wp\/v2\/posts"}],"about":[{"href":"https:\/\/lealqueiroz.adv.br\/index.php?rest_route=\/wp\/v2\/types\/post"}],"author":[{"embeddable":true,"href":"https:\/\/lealqueiroz.adv.br\/index.php?rest_route=\/wp\/v2\/users\/7"}],"replies":[{"embeddable":true,"href":"https:\/\/lealqueiroz.adv.br\/index.php?rest_route=%2Fwp%2Fv2%2Fcomments&post=857"}],"version-history":[{"count":2,"href":"https:\/\/lealqueiroz.adv.br\/index.php?rest_route=\/wp\/v2\/posts\/857\/revisions"}],"predecessor-version":[{"id":1638,"href":"https:\/\/lealqueiroz.adv.br\/index.php?rest_route=\/wp\/v2\/posts\/857\/revisions\/1638"}],"wp:featuredmedia":[{"embeddable":true,"href":"https:\/\/lealqueiroz.adv.br\/index.php?rest_route=\/wp\/v2\/media\/860"}],"wp:attachment":[{"href":"https:\/\/lealqueiroz.adv.br\/index.php?rest_route=%2Fwp%2Fv2%2Fmedia&parent=857"}],"wp:term":[{"taxonomy":"category","embeddable":true,"href":"https:\/\/lealqueiroz.adv.br\/index.php?rest_route=%2Fwp%2Fv2%2Fcategories&post=857"},{"taxonomy":"post_tag","embeddable":true,"href":"https:\/\/lealqueiroz.adv.br\/index.php?rest_route=%2Fwp%2Fv2%2Ftags&post=857"}],"curies":[{"name":"wp","href":"https:\/\/api.w.org\/{rel}","templated":true}]}}