{"id":851,"date":"2022-04-22T16:43:47","date_gmt":"2022-04-22T19:43:47","guid":{"rendered":"https:\/\/lealqueiroz.adv.br\/?p=851"},"modified":"2023-10-25T00:29:16","modified_gmt":"2023-10-25T03:29:16","slug":"trt-1-autoriza-empresa-a-parcelar-debito-trabalhista-em-6-vezes","status":"publish","type":"post","link":"https:\/\/lealqueiroz.adv.br\/?p=851","title":{"rendered":"TRT-1 autoriza empresa a parcelar d\u00e9bito trabalhista em 6 vezes"},"content":{"rendered":"<p style=\"font-weight: 400;\">Conforme o inciso XXI do artigo 3\u00ba da\u00a0<a href=\"https:\/\/juslaboris.tst.jus.br\/bitstream\/handle\/20.500.12178\/81692\/2016_res0203_in0039_atualizado.pdf?sequence=5&amp;isAllowed=y\">Instru\u00e7\u00e3o Normativa 39\/2016<\/a>\u00a0do Tribunal Superior do Trabalho, o\u00a0parcelamento do cr\u00e9dito exequendo, previsto pelo artigo 916 do C\u00f3digo de Processo Civil, possui plena aplica\u00e7\u00e3o ao processo do trabalho.<\/p>\n<p style=\"font-weight: 400;\">Assim, a Subse\u00e7\u00e3o Especializada em Diss\u00eddios Individuais II\u00a0do Tribunal Regional do Trabalho da 1\u00aa Regi\u00e3o reconheceu a possibilidade de uma empresa\u00a0parcelar seu d\u00e9bito trabalhista, sem necessidade de concord\u00e2ncia do exequente.<\/p>\n<p style=\"font-weight: 400;\">A companhia havia pedido o parcelamento, em seis mensalidades, de uma d\u00edvida de aproximadamente R$ 20,7 mil. Mas a\u00a05\u00aa Vara do Trabalho de Duque de Caxias (RJ) entendeu que isso n\u00e3o seria poss\u00edvel no processo do trabalho, e por isso\u00a0negou a solicita\u00e7\u00e3o.<\/p>\n<p style=\"font-weight: 400;\">A empresa depositou 30% do valor total, mas recorreu ao TRT-1 argumentando que poderia sofrer &#8220;atos execut\u00f3rios irrepar\u00e1veis&#8221; e assim n\u00e3o conseguiria quitar sua folha de pagamento.<\/p>\n<p style=\"font-weight: 400;\">A desembargadora\u00a0Nuria de Andrade Peris, relatora do caso, confirmou o direito da empresa ao parcelamento. &#8220;Ao exequente cabe apenas se manifestar acerca dos preenchimentos dos requisitos legais, n\u00e3o podendo recus\u00e1-lo por mero capricho&#8221;, ressaltou.<\/p>\n<p style=\"font-weight: 400;\">Em decis\u00e3o liminar anterior, a magistrada j\u00e1 havia destacado que o pr\u00f3prio ju\u00edzo de primeiro grau intimou a exequente para se manifestar sobre a possibilidade de concilia\u00e7\u00e3o. &#8220;Ou seja, ainda que por via transversa, considerou a alternativa do parcelamento&#8221;, apontou.<\/p>\n<p style=\"font-weight: 400;\">Segundo\u00a0Peris, o pagamento parcelado &#8220;prestigia o princ\u00edpio da menor onerosidade para o devedor&#8221; e permite que a execu\u00e7\u00e3o n\u00e3o se arraste por per\u00edodo prolongado.<\/p>\n<p style=\"font-weight: 400;\">A defesa da empresa foi feita pelo escrit\u00f3rio\u00a0Carlos Patr\u00edcio Advogados Associados. A banca indica que o entendimento\u00a0n\u00e3o vem sendo adotado pelo\u00a0tribunal e por muitos ju\u00edzes.<\/p>\n<p>&nbsp;<\/p>\n<p style=\"font-weight: 400;\"><b><strong>Clique\u00a0<a href=\"https:\/\/www.conjur.com.br\/dl\/trt-autoriza-empresa-parcelar-debito.pdf\">aqui<\/a>\u00a0para ler o ac\u00f3rd\u00e3o<\/strong><\/b><\/p>\n<p style=\"font-weight: 400;\"><b><strong>0102063-22.2021.5.01.0000<\/strong><\/b><\/p>\n<p style=\"font-weight: 400;\">Jos\u00e9 Hig\u00eddio \u2013 Rep\u00f3rter da revista Consultor Jur\u00eddico.<\/p>\n<p style=\"font-weight: 400;\">Fonte: <a href=\"https:\/\/www.abras.com.br\/clipping\/juridico\/110701\/trt-1-autoriza-empresa-a-parcelar-debito-trabalhista-em-6-vezes\">ABRAS (Associa\u00e7\u00e3o Brasileira de Supermercados)<\/a><\/p>\n","protected":false},"excerpt":{"rendered":"<p>Conforme o inciso XXI do artigo 3\u00ba da\u00a0Instru\u00e7\u00e3o Normativa 39\/2016\u00a0do Tribunal Superior do Trabalho, o\u00a0parcelamento do cr\u00e9dito exequendo, previsto pelo artigo 916 do C\u00f3digo de Processo Civil, possui plena aplica\u00e7\u00e3o ao processo do trabalho. Assim, a Subse\u00e7\u00e3o Especializada em Diss\u00eddios Individuais II\u00a0do Tribunal Regional do Trabalho da 1\u00aa Regi\u00e3o reconheceu a possibilidade de uma empresa\u00a0parcelar [&hellip;]<\/p>\n","protected":false},"author":7,"featured_media":854,"comment_status":"closed","ping_status":"open","sticky":false,"template":"","format":"standard","meta":{"_acf_changed":false,"footnotes":""},"categories":[4],"tags":[],"class_list":["post-851","post","type-post","status-publish","format-standard","has-post-thumbnail","hentry","category-noticias"],"acf":[],"_links":{"self":[{"href":"https:\/\/lealqueiroz.adv.br\/index.php?rest_route=\/wp\/v2\/posts\/851","targetHints":{"allow":["GET"]}}],"collection":[{"href":"https:\/\/lealqueiroz.adv.br\/index.php?rest_route=\/wp\/v2\/posts"}],"about":[{"href":"https:\/\/lealqueiroz.adv.br\/index.php?rest_route=\/wp\/v2\/types\/post"}],"author":[{"embeddable":true,"href":"https:\/\/lealqueiroz.adv.br\/index.php?rest_route=\/wp\/v2\/users\/7"}],"replies":[{"embeddable":true,"href":"https:\/\/lealqueiroz.adv.br\/index.php?rest_route=%2Fwp%2Fv2%2Fcomments&post=851"}],"version-history":[{"count":3,"href":"https:\/\/lealqueiroz.adv.br\/index.php?rest_route=\/wp\/v2\/posts\/851\/revisions"}],"predecessor-version":[{"id":1637,"href":"https:\/\/lealqueiroz.adv.br\/index.php?rest_route=\/wp\/v2\/posts\/851\/revisions\/1637"}],"wp:featuredmedia":[{"embeddable":true,"href":"https:\/\/lealqueiroz.adv.br\/index.php?rest_route=\/wp\/v2\/media\/854"}],"wp:attachment":[{"href":"https:\/\/lealqueiroz.adv.br\/index.php?rest_route=%2Fwp%2Fv2%2Fmedia&parent=851"}],"wp:term":[{"taxonomy":"category","embeddable":true,"href":"https:\/\/lealqueiroz.adv.br\/index.php?rest_route=%2Fwp%2Fv2%2Fcategories&post=851"},{"taxonomy":"post_tag","embeddable":true,"href":"https:\/\/lealqueiroz.adv.br\/index.php?rest_route=%2Fwp%2Fv2%2Ftags&post=851"}],"curies":[{"name":"wp","href":"https:\/\/api.w.org\/{rel}","templated":true}]}}