{"id":827,"date":"2022-04-11T13:40:33","date_gmt":"2022-04-11T16:40:33","guid":{"rendered":"https:\/\/lealqueiroz.adv.br\/?p=827"},"modified":"2023-10-25T00:29:03","modified_gmt":"2023-10-25T03:29:03","slug":"mantida-multa-a-empresa-que-nao-demonstrou-empenho-para-contratar-pessoas-com-deficiencia","status":"publish","type":"post","link":"https:\/\/lealqueiroz.adv.br\/?p=827","title":{"rendered":"Mantida multa a empresa que n\u00e3o demonstrou empenho para contratar pessoas com defici\u00eancia"},"content":{"rendered":"<p style=\"font-weight: 400;\">A Agroservice Empreiteira Agr\u00edcola, sediada em Bras\u00edlia (DF), ter\u00e1 de pagar multa pelo n\u00e3o preenchimento da cota com vagas destinadas a pessoas com defici\u00eancia ou trabalhadores reabilitados pela Previd\u00eancia Social, como determina a legisla\u00e7\u00e3o em vigor. A Terceira Turma do Tribunal Superior do Trabalho rejeitou o recurso da empresa para anular o auto de infra\u00e7\u00e3o que havia gerado a multa, por concluir que n\u00e3o h\u00e1 provas, no processo, de que ela teria se empenhado para contratar profissionais com esse perfil.<\/p>\n<p style=\"font-weight: 400;\"><b><strong>Aus\u00eancia de interessados<\/strong><\/b><\/p>\n<p style=\"font-weight: 400;\">A Agroservice ingressou com a a\u00e7\u00e3o para anular o auto de infra\u00e7\u00e3o de fevereiro de 2017, resultado da fiscaliza\u00e7\u00e3o realizada pelo Minist\u00e9rio do Trabalho, que gerara a cobran\u00e7a de multa administrativa no valor de R$ 229 mil em raz\u00e3o do descumprimento da cota, prevista no artigo 93 da\u00a0<a href=\"http:\/\/www.planalto.gov.br\/ccivil_03\/leis\/l8213cons.htm\">Lei 8.213\/1991<\/a>. A empresa alegou que o n\u00e3o preenchimento ocorrera em raz\u00e3o da aus\u00eancia de pessoas, reabilitadas ou com defici\u00eancia, com interesse nas vagas abertas. Disse, ainda, que vem se empenhando para preencher essas vagas, por meio de an\u00fancios em jornais e comunica\u00e7\u00e3o com empresas de forma\u00e7\u00e3o de vigilantes.<\/p>\n<p style=\"font-weight: 400;\"><b><strong>Inser\u00e7\u00e3o no mercado<\/strong><\/b><\/p>\n<p style=\"font-weight: 400;\">Na avalia\u00e7\u00e3o do ju\u00edzo da 9\u00aa Vara do Trabalho de Bras\u00edlia, a documenta\u00e7\u00e3o apresentada pela Agroservice n\u00e3o foi suficiente para comprovar que ela havia se esfor\u00e7ado para ocupar as vagas destinadas \u00e0 cota legal. De acordo com a senten\u00e7a, n\u00e3o basta a busca por profissionais &#8220;prontos&#8221; e j\u00e1 qualificados, porque a inten\u00e7\u00e3o da norma \u00e9 a inser\u00e7\u00e3o no mercado de trabalho de pessoas exclu\u00eddas, com perspectiva reduzida de avan\u00e7o profissional.<\/p>\n<p style=\"font-weight: 400;\">O Tribunal Regional do Trabalho da 10\u00aa Regi\u00e3o (DF\/TO) manteve a decis\u00e3o, por constatar que os servi\u00e7os prestados pela empresa englobam um amplo leque de \u00e1reas e fun\u00e7\u00f5es, o que facilitaria o cumprimento da cota. O TRT registrou que a Agroservice atua no ramo de opera\u00e7\u00e3o fotocopiadora e na loca\u00e7\u00e3o e no fornecimento de m\u00e3o de obra de bilheteria, portaria, zeladoria e recep\u00e7\u00e3o, limpeza e conserva\u00e7\u00e3o, prestando servi\u00e7os a diversas entidades p\u00fablicas e privadas.<\/p>\n<p style=\"font-weight: 400;\"><b><strong>Aus\u00eancia de provas<\/strong><\/b><\/p>\n<p style=\"font-weight: 400;\">Ao rejeitar o recurso da empresa, o presidente da Terceira Turma, ministro Mauricio Godinho Delgado, observou que, diante dos fatos narrados pelo Tribunal Regional, a empresa n\u00e3o comprovara ter empreendido esfor\u00e7os para o preenchimento das vagas por meio das alternativas existentes. Essa conclus\u00e3o n\u00e3o pode ser revista pelo TST (S\u00famula 126).<\/p>\n<p style=\"font-weight: 400;\">O ministro ressaltou, ainda, que a\u00a0<a href=\"http:\/\/www.planalto.gov.br\/ccivil_03\/constituicao\/constituicao.htm\">Constitui\u00e7\u00e3o Federal<\/a>\u00a0estabelece \u201cenf\u00e1tica dire\u00e7\u00e3o normativa antidiscriminat\u00f3ria e inclusiva\u201d. Ao fixar como um dos fundamentos a dignidade da pessoa humana, destacou, entre os objetivos, \u201cpromover o bem de todos, sem preconceitos de origem, ra\u00e7a, sexo, cor, idade e quaisquer outras formas de discrimina\u00e7\u00e3o\u201d. E a situa\u00e7\u00e3o do profissional com defici\u00eancia foi assegurada no artigo 7\u00ba, inciso XXXI, que pro\u00edbe toda discrimina\u00e7\u00e3o no tocante a sal\u00e1rio e crit\u00e9rios de admiss\u00e3o.<\/p>\n<p style=\"font-weight: 400;\">O \u00a0presidente da Turma tamb\u00e9m enfatizou que a Conven\u00e7\u00e3o Internacional sobre os Direitos das Pessoas com Defici\u00eancia, aprovada pela Organiza\u00e7\u00e3o das Na\u00e7\u00f5es Unidas (ONU) e ratificada pelo Brasil em 2008, evidencia que os direitos dessas pessoas t\u00eam prote\u00e7\u00e3o normativa internacional. Na mesma linha de prote\u00e7\u00e3o, antes mesmo da aprova\u00e7\u00e3o do Estatuto da Pessoa com Defici\u00eancia (<a href=\"http:\/\/www.planalto.gov.br\/ccivil_03\/_ato2015-2018\/2015\/lei\/l13146.htm\">Lei 13.146\/2015<\/a>), a Lei da Previd\u00eancia Social (Lei 8.213\/1991), em discuss\u00e3o no processo, j\u00e1 estabelecera cotas para a contrata\u00e7\u00e3o de trabalhadores com defici\u00eancia e reabilitados pelas empresas com 100 ou mais empregados, sem impor restri\u00e7\u00f5es acerca da fun\u00e7\u00e3o a ser ocupada.<\/p>\n<p style=\"font-weight: 400;\">A decis\u00e3o foi un\u00e2nime.\u00a0(LF\/CF) Processo: \u00a0<a href=\"https:\/\/consultaprocessual.tst.jus.br\/consultaProcessual\/consultaTstNumUnica.do?consulta=Consultar&amp;conscsjt=&amp;numeroTst=184&amp;digitoTst=37&amp;anoTst=2019&amp;orgaoTst=5&amp;tribunalTst=10&amp;varaTst=0017&amp;submit=Consultar\">AIRR-184-37.2019.5.10.0017<\/a><\/p>\n<p style=\"font-weight: 400;\">Fonte: <a href=\"https:\/\/www.abras.com.br\/clipping\/juridico\/110562\/mantida-multa-a-empresa-que-nao-demonstrou-empenho-para-contratar-pessoas-com-deficiencia\">ABRAS (Associa\u00e7\u00e3o Brasileira de Supermercados)<\/a><\/p>\n","protected":false},"excerpt":{"rendered":"<p>A Agroservice Empreiteira Agr\u00edcola, sediada em Bras\u00edlia (DF), ter\u00e1 de pagar multa pelo n\u00e3o preenchimento da cota com vagas destinadas a pessoas com defici\u00eancia ou trabalhadores reabilitados pela Previd\u00eancia Social, como determina a legisla\u00e7\u00e3o em vigor. A Terceira Turma do Tribunal Superior do Trabalho rejeitou o recurso da empresa para anular o auto de infra\u00e7\u00e3o [&hellip;]<\/p>\n","protected":false},"author":7,"featured_media":830,"comment_status":"closed","ping_status":"open","sticky":false,"template":"","format":"standard","meta":{"_acf_changed":false,"footnotes":""},"categories":[4],"tags":[],"class_list":["post-827","post","type-post","status-publish","format-standard","has-post-thumbnail","hentry","category-noticias"],"acf":[],"_links":{"self":[{"href":"https:\/\/lealqueiroz.adv.br\/index.php?rest_route=\/wp\/v2\/posts\/827","targetHints":{"allow":["GET"]}}],"collection":[{"href":"https:\/\/lealqueiroz.adv.br\/index.php?rest_route=\/wp\/v2\/posts"}],"about":[{"href":"https:\/\/lealqueiroz.adv.br\/index.php?rest_route=\/wp\/v2\/types\/post"}],"author":[{"embeddable":true,"href":"https:\/\/lealqueiroz.adv.br\/index.php?rest_route=\/wp\/v2\/users\/7"}],"replies":[{"embeddable":true,"href":"https:\/\/lealqueiroz.adv.br\/index.php?rest_route=%2Fwp%2Fv2%2Fcomments&post=827"}],"version-history":[{"count":2,"href":"https:\/\/lealqueiroz.adv.br\/index.php?rest_route=\/wp\/v2\/posts\/827\/revisions"}],"predecessor-version":[{"id":1636,"href":"https:\/\/lealqueiroz.adv.br\/index.php?rest_route=\/wp\/v2\/posts\/827\/revisions\/1636"}],"wp:featuredmedia":[{"embeddable":true,"href":"https:\/\/lealqueiroz.adv.br\/index.php?rest_route=\/wp\/v2\/media\/830"}],"wp:attachment":[{"href":"https:\/\/lealqueiroz.adv.br\/index.php?rest_route=%2Fwp%2Fv2%2Fmedia&parent=827"}],"wp:term":[{"taxonomy":"category","embeddable":true,"href":"https:\/\/lealqueiroz.adv.br\/index.php?rest_route=%2Fwp%2Fv2%2Fcategories&post=827"},{"taxonomy":"post_tag","embeddable":true,"href":"https:\/\/lealqueiroz.adv.br\/index.php?rest_route=%2Fwp%2Fv2%2Ftags&post=827"}],"curies":[{"name":"wp","href":"https:\/\/api.w.org\/{rel}","templated":true}]}}