{"id":813,"date":"2022-04-06T10:00:05","date_gmt":"2022-04-06T13:00:05","guid":{"rendered":"https:\/\/lealqueiroz.adv.br\/?p=813"},"modified":"2023-10-25T00:28:54","modified_gmt":"2023-10-25T03:28:54","slug":"portaria-interministerial-atualiza-medidas-de-prevencao-e-controle-contra-a-covid-19-em-ambientes-de-trabalho","status":"publish","type":"post","link":"https:\/\/lealqueiroz.adv.br\/?p=813","title":{"rendered":"Portaria Interministerial atualiza medidas de preven\u00e7\u00e3o e controle contra a Covid-19 em ambientes de trabalho"},"content":{"rendered":"<p>Uma portaria assinada pelo Minist\u00e9rio do Trabalho e Previd\u00eancia e o Minist\u00e9rio da Sa\u00fade estabelece e atualiza medidas de preven\u00e7\u00e3o e controle contra a Covid-19 em ambientes de trabalho, diante da melhora do cen\u00e1rio epidemiol\u00f3gico do Brasil. O documento foi divulgado nesta sexta-feira (1\u00ba). Entre as principais medidas est\u00e1 a flexibiliza\u00e7\u00e3o do uso de m\u00e1scaras em ambientes de trabalho.<\/p>\n<p>Segundo o texto, fica dispensado o uso e fornecimento de m\u00e1scaras cir\u00fargicas ou de tecido em estados ou munic\u00edpios que deixaram de exigir a utiliza\u00e7\u00e3o em ambientes fechados. A portaria estabelece ainda que, no caso de alerta de aumento de casos da Covid-19 localmente, essa medida deve ser reavaliada e o equipamento fornecido para todos os trabalhadores.<\/p>\n<p>O documento prev\u00ea ainda as condi\u00e7\u00f5es de trabalho para a preven\u00e7\u00e3o, controle e mitiga\u00e7\u00e3o dos riscos de transmiss\u00e3o do coronav\u00edrus, como ambientes com distanciamento entre os trabalhadores, comunica\u00e7\u00e3o dos principais sintomas da Covid-19 e afastamento dos infectados. No caso de transporte oferecido pela organiza\u00e7\u00e3o ou empresa, algumas regras tamb\u00e9m devem ser respeitadas, como a capacidade m\u00e1xima de lota\u00e7\u00e3o de passageiros.<\/p>\n<p>Entre outras medidas, a portaria estabelece ainda que a organiza\u00e7\u00e3o deve afastar das atividades laborais presenciais, por 10 dias, os trabalhadores considerados casos suspeitos ou confirmados de Covid-19. Esse per\u00edodo pode ser reduzido para sete dias a partir de crit\u00e9rios estabelecidos pelo Minist\u00e9rio da Sa\u00fade. Quando houver necessidade de testagem dos trabalhadores, a empresa ou organiza\u00e7\u00e3o deve respeitar as recomenda\u00e7\u00f5es da pasta.<\/p>\n<p>&nbsp;<\/p>\n<p>Fonte: <a href=\"https:\/\/www.gov.br\/saude\/pt-br\/assuntos\/noticias\/2022\/marco\/portaria-interministerial-atualiza-medidas-de-prevencao-e-controle-contra-a-covid-19-em-ambientes-de-trabalho\">Minist\u00e9rio da Sa\u00fade<\/a><\/p>\n","protected":false},"excerpt":{"rendered":"<p>Uma portaria assinada pelo Minist\u00e9rio do Trabalho e Previd\u00eancia e o Minist\u00e9rio da Sa\u00fade estabelece e atualiza medidas de preven\u00e7\u00e3o e controle contra a Covid-19 em ambientes de trabalho, diante da melhora do cen\u00e1rio epidemiol\u00f3gico do Brasil. O documento foi divulgado nesta sexta-feira (1\u00ba). Entre as principais medidas est\u00e1 a flexibiliza\u00e7\u00e3o do uso de m\u00e1scaras [&hellip;]<\/p>\n","protected":false},"author":7,"featured_media":816,"comment_status":"closed","ping_status":"open","sticky":false,"template":"","format":"standard","meta":{"_acf_changed":false,"footnotes":""},"categories":[4],"tags":[],"class_list":["post-813","post","type-post","status-publish","format-standard","has-post-thumbnail","hentry","category-noticias"],"acf":[],"_links":{"self":[{"href":"https:\/\/lealqueiroz.adv.br\/index.php?rest_route=\/wp\/v2\/posts\/813","targetHints":{"allow":["GET"]}}],"collection":[{"href":"https:\/\/lealqueiroz.adv.br\/index.php?rest_route=\/wp\/v2\/posts"}],"about":[{"href":"https:\/\/lealqueiroz.adv.br\/index.php?rest_route=\/wp\/v2\/types\/post"}],"author":[{"embeddable":true,"href":"https:\/\/lealqueiroz.adv.br\/index.php?rest_route=\/wp\/v2\/users\/7"}],"replies":[{"embeddable":true,"href":"https:\/\/lealqueiroz.adv.br\/index.php?rest_route=%2Fwp%2Fv2%2Fcomments&post=813"}],"version-history":[{"count":1,"href":"https:\/\/lealqueiroz.adv.br\/index.php?rest_route=\/wp\/v2\/posts\/813\/revisions"}],"predecessor-version":[{"id":817,"href":"https:\/\/lealqueiroz.adv.br\/index.php?rest_route=\/wp\/v2\/posts\/813\/revisions\/817"}],"wp:featuredmedia":[{"embeddable":true,"href":"https:\/\/lealqueiroz.adv.br\/index.php?rest_route=\/wp\/v2\/media\/816"}],"wp:attachment":[{"href":"https:\/\/lealqueiroz.adv.br\/index.php?rest_route=%2Fwp%2Fv2%2Fmedia&parent=813"}],"wp:term":[{"taxonomy":"category","embeddable":true,"href":"https:\/\/lealqueiroz.adv.br\/index.php?rest_route=%2Fwp%2Fv2%2Fcategories&post=813"},{"taxonomy":"post_tag","embeddable":true,"href":"https:\/\/lealqueiroz.adv.br\/index.php?rest_route=%2Fwp%2Fv2%2Ftags&post=813"}],"curies":[{"name":"wp","href":"https:\/\/api.w.org\/{rel}","templated":true}]}}