{"id":794,"date":"2022-03-28T11:38:05","date_gmt":"2022-03-28T14:38:05","guid":{"rendered":"https:\/\/lealqueiroz.adv.br\/?p=794"},"modified":"2023-10-25T00:28:40","modified_gmt":"2023-10-25T03:28:40","slug":"decisao-contribuicao-previdenciaria-nao-incide-nos-primeiros-15-dias-de-afastamento-por-motivo-de-doenca-aviso-previo-indenizado-e-salario-maternidade","status":"publish","type":"post","link":"https:\/\/lealqueiroz.adv.br\/?p=794","title":{"rendered":"DECIS\u00c3O: Contribui\u00e7\u00e3o previdenci\u00e1ria n\u00e3o incide nos primeiros 15 dias de afastamento por motivo de doen\u00e7a, aviso pr\u00e9vio indenizado e sal\u00e1rio-maternidade"},"content":{"rendered":"<p style=\"font-weight: 400;\">Em apela\u00e7\u00e3o interposta de senten\u00e7a em mandado de seguran\u00e7a, a 7\u00aa Turma do Tribunal Regional Federal da 1\u00aa Regi\u00e3o (TRF1) decidiu pela inexigibilidade da cota patronal (contribui\u00e7\u00e3o previdenci\u00e1ria devida pela empresa) sobre valores pagos pelo empregador nos quinze dias que antecedem o benef\u00edcio de aux\u00edlio-doen\u00e7a, aviso pr\u00e9vio indenizado e sal\u00e1rio-maternidade.<\/p>\n<p style=\"font-weight: 400;\">A Fazenda Nacional (FN) apelou com a pretens\u00e3o de reformar a senten\u00e7a e para que a compensa\u00e7\u00e3o tribut\u00e1ria dos valores recolhidos pela empresa (restitui\u00e7\u00e3o do ind\u00e9bito tribut\u00e1rio) somente seja efetuada com parcelas relativas a tributos da mesma esp\u00e9cie e destina\u00e7\u00e3o constitucional.<\/p>\n<p style=\"font-weight: 400;\">Relatora, a desembargadora federal Gilda Sigmaringa Seixas destacou que nos termos do inciso III do art. 927 do C\u00f3digo de Processo Civil (CPC), os ac\u00f3rd\u00e3os de julgamento de recursos repetitivos extraordin\u00e1rio (julgados pelo Supremo Tribunal Federal \u2013 STF) e especial (julgados pelo Superior Tribunal de Justi\u00e7a \u2013 STJ) devem ser observados pelos ju\u00edzes e tribunais.<\/p>\n<p style=\"font-weight: 400;\">Com esse entendimento, prosseguiu a magistrada, o STJ firmou o Tema 738, que disp\u00f5e que \u201csobre a import\u00e2ncia paga pelo empregador ao empregado durante os primeiros quinze dias de afastamento por motivo de doen\u00e7a n\u00e3o incide a contribui\u00e7\u00e3o previdenci\u00e1ria\u201d, e o mesmo Tribunal reconheceu a inexigibilidade da contribui\u00e7\u00e3o social previdenci\u00e1ria incidente sobre o aviso pr\u00e9vio indenizado.<\/p>\n<p style=\"font-weight: 400;\">Em rela\u00e7\u00e3o ao sal\u00e1rio-maternidade, acrescentou a desembargadora, o STJ havia firmado a tese (Tema 739) de que \u201cO sal\u00e1rio-maternidade possui natureza salarial e integra, consequentemente, a base de c\u00e1lculo da contribui\u00e7\u00e3o previdenci\u00e1ria\u201d. Todavia, posteriormente, o STF decidiu sobre o Tema 72 da repercuss\u00e3o geral nos seguintes termos: \u201c\u00c9 inconstitucional a incid\u00eancia de contribui\u00e7\u00e3o previdenci\u00e1ria a cargo do empregador sobre o sal\u00e1rio-maternidade\u201d.<\/p>\n<p style=\"font-weight: 400;\">Nesse sentido, frisou a magistrada, em se tratando de compensa\u00e7\u00e3o de ind\u00e9bito (compensa\u00e7\u00e3o de valores indevidamente pagos) referente a contribui\u00e7\u00f5es previdenci\u00e1rias (no caso, o sal\u00e1rio-maternidade), tal verba \u201c(&#8230;) somente pode ser objeto de compensa\u00e7\u00e3o com parcelas relativas a tributos da mesma esp\u00e9cie e destina\u00e7\u00e3o constitucional\u201d, segundo a lei vigente na \u00e9poca do ajuizamento da demanda e n\u00e3o de acordo com lei posterior.<\/p>\n<p style=\"font-weight: 400;\">A relatora concluiu o voto no sentido de dar parcial provimento \u00e0 apela\u00e7\u00e3o apenas para que a compensa\u00e7\u00e3o do ind\u00e9bito tribut\u00e1rio relativo ao pagamento de tributo sobre os primeiros 15 dias do sal\u00e1rio-maternidade se d\u00ea com parcelas relativas a tributos da mesma esp\u00e9cie e mesma destina\u00e7\u00e3o constitucional.<\/p>\n<p style=\"font-weight: 400;\">Processo: 1003849-35.2019.4.01.3814<\/p>\n<p style=\"font-weight: 400;\">Data do julgamento: 22\/02\/2022<\/p>\n<p style=\"font-weight: 400;\">Data da publica\u00e7\u00e3o: 25\/02\/2022<\/p>\n<p style=\"font-weight: 400;\">RB<\/p>\n<p style=\"font-weight: 400;\">Assessoria de Comunica\u00e7\u00e3o Social<\/p>\n<p style=\"font-weight: 400;\">Fonte: <a href=\"https:\/\/www.abras.com.br\/clipping\/juridico\/110413\/decisao-contribuicao-previdenciaria-nao-incide-nos-primeiros-15-dias-de-afastamento-por-motivo-de-doenca-aviso-previo-indenizado-e-salario-maternidade\">Associa\u00e7\u00e3o Brasileira de Supermecados (ABRAS)\u00a0<\/a><\/p>\n","protected":false},"excerpt":{"rendered":"<p>Em apela\u00e7\u00e3o interposta de senten\u00e7a em mandado de seguran\u00e7a, a 7\u00aa Turma do Tribunal Regional Federal da 1\u00aa Regi\u00e3o (TRF1) decidiu pela inexigibilidade da cota patronal (contribui\u00e7\u00e3o previdenci\u00e1ria devida pela empresa) sobre valores pagos pelo empregador nos quinze dias que antecedem o benef\u00edcio de aux\u00edlio-doen\u00e7a, aviso pr\u00e9vio indenizado e sal\u00e1rio-maternidade. A Fazenda Nacional (FN) apelou [&hellip;]<\/p>\n","protected":false},"author":7,"featured_media":797,"comment_status":"closed","ping_status":"open","sticky":false,"template":"","format":"standard","meta":{"_acf_changed":false,"footnotes":""},"categories":[4],"tags":[],"class_list":["post-794","post","type-post","status-publish","format-standard","has-post-thumbnail","hentry","category-noticias"],"acf":[],"_links":{"self":[{"href":"https:\/\/lealqueiroz.adv.br\/index.php?rest_route=\/wp\/v2\/posts\/794","targetHints":{"allow":["GET"]}}],"collection":[{"href":"https:\/\/lealqueiroz.adv.br\/index.php?rest_route=\/wp\/v2\/posts"}],"about":[{"href":"https:\/\/lealqueiroz.adv.br\/index.php?rest_route=\/wp\/v2\/types\/post"}],"author":[{"embeddable":true,"href":"https:\/\/lealqueiroz.adv.br\/index.php?rest_route=\/wp\/v2\/users\/7"}],"replies":[{"embeddable":true,"href":"https:\/\/lealqueiroz.adv.br\/index.php?rest_route=%2Fwp%2Fv2%2Fcomments&post=794"}],"version-history":[{"count":3,"href":"https:\/\/lealqueiroz.adv.br\/index.php?rest_route=\/wp\/v2\/posts\/794\/revisions"}],"predecessor-version":[{"id":1634,"href":"https:\/\/lealqueiroz.adv.br\/index.php?rest_route=\/wp\/v2\/posts\/794\/revisions\/1634"}],"wp:featuredmedia":[{"embeddable":true,"href":"https:\/\/lealqueiroz.adv.br\/index.php?rest_route=\/wp\/v2\/media\/797"}],"wp:attachment":[{"href":"https:\/\/lealqueiroz.adv.br\/index.php?rest_route=%2Fwp%2Fv2%2Fmedia&parent=794"}],"wp:term":[{"taxonomy":"category","embeddable":true,"href":"https:\/\/lealqueiroz.adv.br\/index.php?rest_route=%2Fwp%2Fv2%2Fcategories&post=794"},{"taxonomy":"post_tag","embeddable":true,"href":"https:\/\/lealqueiroz.adv.br\/index.php?rest_route=%2Fwp%2Fv2%2Ftags&post=794"}],"curies":[{"name":"wp","href":"https:\/\/api.w.org\/{rel}","templated":true}]}}