{"id":788,"date":"2022-03-24T11:59:32","date_gmt":"2022-03-24T14:59:32","guid":{"rendered":"https:\/\/lealqueiroz.adv.br\/?p=788"},"modified":"2023-10-25T00:28:36","modified_gmt":"2023-10-25T03:28:36","slug":"stf-fixa-tese-sobre-pis-e-cofins-em-valores-pagos-a-administradoras-de-cartoes","status":"publish","type":"post","link":"https:\/\/lealqueiroz.adv.br\/?p=788","title":{"rendered":"STF fixa tese sobre PIS e Cofins em valores pagos a administradoras de cart\u00f5es"},"content":{"rendered":"<p style=\"font-weight: 400;\">\u00c9 constitucional a inclus\u00e3o dos valores retidos pelas administradoras de cart\u00f5es na base de c\u00e1lculo das contribui\u00e7\u00f5es ao PIS e da Cofins devidas por empresa que recebe pagamentos por meio de cart\u00f5es de cr\u00e9dito e d\u00e9bito.<\/p>\n<p style=\"font-weight: 400;\">Essa foi a tese fixada pelo Plen\u00e1rio virtual do Supremo Tribunal Federal, na conclus\u00e3o do julgamento do Tema 1.042 da repercuss\u00e3o geral. O enunciado agora ter\u00e1 observ\u00e2ncia obrigat\u00f3ria pelas demais inst\u00e2ncias do Judici\u00e1rio.<\/p>\n<p style=\"font-weight: 400;\">O m\u00e9rito da quest\u00e3o j\u00e1 estava\u00a0resolvido desde setembro de 2020, quando o colegiado fixou interpreta\u00e7\u00e3o segundo a qual integram a base de c\u00e1lculo do PIS e da Cofins devidos por comerciantes os valores que eles repassam \u00e0s administradoras de cart\u00f5es de d\u00e9bito e cr\u00e9dito, a t\u00edtulo de comiss\u00e3o.<\/p>\n<p style=\"font-weight: 400;\">Restava deliberar sobre a tese: por maioria de votos, venceu a proposta do ministro Alexandre de Moraes, autor do voto divergente vencedor.<\/p>\n<p style=\"font-weight: 400;\">A posi\u00e7\u00e3o foi acompanhada pelos ministros Luiz Edson Fachin, Dias Toffoli, Luiz Fux, Ricardo Lewandowski, Gilmar Mendes, Lu\u00eds Roberto Barroso e Nunes Marques.<\/p>\n<p style=\"font-weight: 400;\">Para eles, os custos operacionais dos comerciantes e fornecedores de servi\u00e7os, como a comiss\u00e3o retida pelas administradoras de cart\u00f5es, integram o faturamento. Assim, a mera alega\u00e7\u00e3o de que tais valores s\u00e3o repassados a terceiros n\u00e3o \u00e9 suficiente para n\u00e3o consider\u00e1-los como faturamento.<\/p>\n<p style=\"font-weight: 400;\">Ficou vencido o relator, ministro Marco Aur\u00e9lio, acompanhado das ministra Carmen L\u00facia e Rosa Weber. A tese proposta por ele na ocasi\u00e3o indicava que esses valores retidos por administradora de cart\u00e3o de cr\u00e9dito ou d\u00e9bito n\u00e3o comp\u00f5em a base de c\u00e1lculo de PIS e Cofins.<\/p>\n<p style=\"font-weight: 400;\"><b><strong>RE 1.049.811<\/strong><\/b><\/p>\n<p style=\"font-weight: 400;\"><b><strong>Clique\u00a0<a href=\"https:\/\/www.conjur.com.br\/dl\/re-1049811-voto-ministro-marco-aurelio.pdf\">aqui<\/a>\u00a0para ler o voto do ministro Marco Aur\u00e9lio<\/strong><\/b><\/p>\n<p style=\"font-weight: 400;\"><b><strong>Clique\u00a0<a href=\"https:\/\/www.conjur.com.br\/dl\/re-1049811-voto-ministro-alexandre.pdf\">aqui<\/a>\u00a0para ler o voto do ministro Alexandre de Moraes<\/strong><\/b><\/p>\n<p style=\"font-weight: 400;\"><b><strong>Clique\u00a0<a href=\"https:\/\/www.conjur.com.br\/dl\/re-1049811-voto-ministro-edson-fachin.pdf\">aqui<\/a>\u00a0para ler o voto do ministro Luiz Edson Fachin<\/strong><\/b><\/p>\n<p style=\"font-weight: 400;\"><b><strong>Clique\u00a0<a href=\"https:\/\/www.conjur.com.br\/dl\/re-1049811-voto-ministro-luiz-fux.pdf\">aqui<\/a>\u00a0para ler o voto do ministro Luiz Fux<\/strong><\/b><\/p>\n<p style=\"font-weight: 400;\">Danilo Vital \u2013 Correspondente da revista Consultor Jur\u00eddico em Bras\u00edlia.<\/p>\n<p style=\"font-weight: 400;\">Fonte: <a href=\"https:\/\/www.abras.com.br\/clipping\/juridico\/110425\/stf-fixa-tese-sobre-pis-e-cofins-em-valores-pagos-a-administradoras-de-cartoes\">ABRAS (Associa\u00e7\u00e3o Brasileira de Supermercados)<\/a><\/p>\n<p>&nbsp;<\/p>\n<p>&nbsp;<\/p>\n","protected":false},"excerpt":{"rendered":"<p>\u00c9 constitucional a inclus\u00e3o dos valores retidos pelas administradoras de cart\u00f5es na base de c\u00e1lculo das contribui\u00e7\u00f5es ao PIS e da Cofins devidas por empresa que recebe pagamentos por meio de cart\u00f5es de cr\u00e9dito e d\u00e9bito. Essa foi a tese fixada pelo Plen\u00e1rio virtual do Supremo Tribunal Federal, na conclus\u00e3o do julgamento do Tema 1.042 [&hellip;]<\/p>\n","protected":false},"author":7,"featured_media":791,"comment_status":"closed","ping_status":"open","sticky":false,"template":"","format":"standard","meta":{"_acf_changed":false,"footnotes":""},"categories":[4],"tags":[],"class_list":["post-788","post","type-post","status-publish","format-standard","has-post-thumbnail","hentry","category-noticias"],"acf":[],"_links":{"self":[{"href":"https:\/\/lealqueiroz.adv.br\/index.php?rest_route=\/wp\/v2\/posts\/788","targetHints":{"allow":["GET"]}}],"collection":[{"href":"https:\/\/lealqueiroz.adv.br\/index.php?rest_route=\/wp\/v2\/posts"}],"about":[{"href":"https:\/\/lealqueiroz.adv.br\/index.php?rest_route=\/wp\/v2\/types\/post"}],"author":[{"embeddable":true,"href":"https:\/\/lealqueiroz.adv.br\/index.php?rest_route=\/wp\/v2\/users\/7"}],"replies":[{"embeddable":true,"href":"https:\/\/lealqueiroz.adv.br\/index.php?rest_route=%2Fwp%2Fv2%2Fcomments&post=788"}],"version-history":[{"count":2,"href":"https:\/\/lealqueiroz.adv.br\/index.php?rest_route=\/wp\/v2\/posts\/788\/revisions"}],"predecessor-version":[{"id":1633,"href":"https:\/\/lealqueiroz.adv.br\/index.php?rest_route=\/wp\/v2\/posts\/788\/revisions\/1633"}],"wp:featuredmedia":[{"embeddable":true,"href":"https:\/\/lealqueiroz.adv.br\/index.php?rest_route=\/wp\/v2\/media\/791"}],"wp:attachment":[{"href":"https:\/\/lealqueiroz.adv.br\/index.php?rest_route=%2Fwp%2Fv2%2Fmedia&parent=788"}],"wp:term":[{"taxonomy":"category","embeddable":true,"href":"https:\/\/lealqueiroz.adv.br\/index.php?rest_route=%2Fwp%2Fv2%2Fcategories&post=788"},{"taxonomy":"post_tag","embeddable":true,"href":"https:\/\/lealqueiroz.adv.br\/index.php?rest_route=%2Fwp%2Fv2%2Ftags&post=788"}],"curies":[{"name":"wp","href":"https:\/\/api.w.org\/{rel}","templated":true}]}}