{"id":772,"date":"2022-03-18T08:49:09","date_gmt":"2022-03-18T11:49:09","guid":{"rendered":"https:\/\/lealqueiroz.adv.br\/?p=772"},"modified":"2023-10-25T00:28:27","modified_gmt":"2023-10-25T03:28:27","slug":"emprega-que-criticou-drogaria-em-rede-social-e-punida-com-justa-causa","status":"publish","type":"post","link":"https:\/\/lealqueiroz.adv.br\/?p=772","title":{"rendered":"Emprega que criticou drogaria em rede social \u00e9 punida com justa causa"},"content":{"rendered":"<p style=\"font-weight: 400;\">A liberdade de express\u00e3o tem limite e quem extrapola esse direito deve ser responsabilizado. Esse foi o entendimento do juiz Bruno Antonio Acioly Calheiros ao manter a dispensa por justa causa de empregada que ofendeu unidade da Drogaria S\u00e3o Paulo no Facebook. Com a decis\u00e3o, foram julgados improcedentes todos os pedidos da trabalhadora no processo sentenciado na 5\u00aa Vara do Trabalho de Guarulhos. Cabe recurso.<\/p>\n<p style=\"font-weight: 400;\">Ao compartilhar post sobre sintomas de exaust\u00e3o mental, a mulher usou palavr\u00e3o para apontar suposta contradi\u00e7\u00e3o entre a boa fama da empresa e o ambiente de trabalho ruim do local. Para o julgador, contudo, a profissional podia recorrer a outros meios, em vez de expor publicamente a insatisfa\u00e7\u00e3o contra a empregadora. As solu\u00e7\u00f5es mencionadas por ele s\u00e3o a\u00e7\u00e3o trabalhista com pedido de rescis\u00e3o indireta (falta grave do empregador) e den\u00fancia ao sindicato ou ao Minist\u00e9rio P\u00fablico do Trabalho.<\/p>\n<p style=\"font-weight: 400;\">&#8220;O teor da referida postagem possui o cond\u00e3o de macular a imagem da empresa, a se considerar n\u00e3o somente o teor das men\u00e7\u00f5es e apontamentos feitos pela autora, mas tamb\u00e9m pela direta associa\u00e7\u00e3o da reclamada ao suposto surgimento em seus funcion\u00e1rios dos males psicol\u00f3gicos e sociais referidos na imagem pela autora repostada&#8221;, afirma o magistrado.<\/p>\n<p style=\"font-weight: 400;\">Quebra de confian\u00e7a. \u00c9 desse modo que o magistrado enxerga a postura da mulher que demonstrou &#8220;total falta de prud\u00eancia&#8221;, ao marcar Drogaria S\u00e3o Paulo na postagem e tratar do assunto com terceiros. Na decis\u00e3o, ele cita tamb\u00e9m entendimento de tribunais que justificam a dispensa por justa causa por postagens difamat\u00f3rias.<\/p>\n<p style=\"font-weight: 400;\">A justa causa \u00e9 a falta grave cometida pelo empregado que resulta no fim do contrato de trabalho (artigo 482 da Consolida\u00e7\u00e3o das Leis do Trabalho). No processo, a mulher n\u00e3o conseguiu reverter essa penalidade para pedido de rescis\u00e3o indireta. Com isso, deixar\u00e1 de ter acesso a v\u00e1rios direitos como aviso pr\u00e9vio, seguro-desemprego e Fundo de Garantia por Tempo de Servi\u00e7o.<\/p>\n<p style=\"font-weight: 400;\">(Processo 1000740-52.2021.5.02.0315)<\/p>\n<p style=\"font-weight: 400;\">Fonte: <a href=\"https:\/\/www.abras.com.br\/clipping\/juridico\/110370\/empregada-que-criticou-drogaria-em-rede-social-e-punida-com-justa-causa\">Associa\u00e7\u00e3o Brasileira de Supermercados (ABRAS<\/a>).<\/p>\n","protected":false},"excerpt":{"rendered":"<p>A liberdade de express\u00e3o tem limite e quem extrapola esse direito deve ser responsabilizado. Esse foi o entendimento do juiz Bruno Antonio Acioly Calheiros ao manter a dispensa por justa causa de empregada que ofendeu unidade da Drogaria S\u00e3o Paulo no Facebook. Com a decis\u00e3o, foram julgados improcedentes todos os pedidos da trabalhadora no processo [&hellip;]<\/p>\n","protected":false},"author":7,"featured_media":775,"comment_status":"closed","ping_status":"open","sticky":false,"template":"","format":"standard","meta":{"_acf_changed":false,"footnotes":""},"categories":[4],"tags":[],"class_list":["post-772","post","type-post","status-publish","format-standard","has-post-thumbnail","hentry","category-noticias"],"acf":[],"_links":{"self":[{"href":"https:\/\/lealqueiroz.adv.br\/index.php?rest_route=\/wp\/v2\/posts\/772","targetHints":{"allow":["GET"]}}],"collection":[{"href":"https:\/\/lealqueiroz.adv.br\/index.php?rest_route=\/wp\/v2\/posts"}],"about":[{"href":"https:\/\/lealqueiroz.adv.br\/index.php?rest_route=\/wp\/v2\/types\/post"}],"author":[{"embeddable":true,"href":"https:\/\/lealqueiroz.adv.br\/index.php?rest_route=\/wp\/v2\/users\/7"}],"replies":[{"embeddable":true,"href":"https:\/\/lealqueiroz.adv.br\/index.php?rest_route=%2Fwp%2Fv2%2Fcomments&post=772"}],"version-history":[{"count":2,"href":"https:\/\/lealqueiroz.adv.br\/index.php?rest_route=\/wp\/v2\/posts\/772\/revisions"}],"predecessor-version":[{"id":777,"href":"https:\/\/lealqueiroz.adv.br\/index.php?rest_route=\/wp\/v2\/posts\/772\/revisions\/777"}],"wp:featuredmedia":[{"embeddable":true,"href":"https:\/\/lealqueiroz.adv.br\/index.php?rest_route=\/wp\/v2\/media\/775"}],"wp:attachment":[{"href":"https:\/\/lealqueiroz.adv.br\/index.php?rest_route=%2Fwp%2Fv2%2Fmedia&parent=772"}],"wp:term":[{"taxonomy":"category","embeddable":true,"href":"https:\/\/lealqueiroz.adv.br\/index.php?rest_route=%2Fwp%2Fv2%2Fcategories&post=772"},{"taxonomy":"post_tag","embeddable":true,"href":"https:\/\/lealqueiroz.adv.br\/index.php?rest_route=%2Fwp%2Fv2%2Ftags&post=772"}],"curies":[{"name":"wp","href":"https:\/\/api.w.org\/{rel}","templated":true}]}}