{"id":746,"date":"2022-03-07T18:58:26","date_gmt":"2022-03-07T21:58:26","guid":{"rendered":"https:\/\/lealqueiroz.adv.br\/?p=746"},"modified":"2023-10-25T00:28:18","modified_gmt":"2023-10-25T03:28:18","slug":"processo-seletivo-edital-n-01-2022","status":"publish","type":"post","link":"https:\/\/lealqueiroz.adv.br\/?p=746","title":{"rendered":"Processo Seletivo LealQueiroz Advocacia Corportiva &#8211; Edital N\u00b0 01\/2022"},"content":{"rendered":"<p><strong>EDITAL PARA ABERTURA DE INSCRI\u00c7\u00d5ES E REALIZA\u00c7\u00c3O DO PROCESSO SELETIVO PARA AS VAGAS DE ADVOGADO, EST\u00c1GIO EM DIREITO E EM MARKETING NA LEALQUEIROZ ADVOCACIA CORPORATIVA.<\/strong><\/p>\n<p>O <a href=\"https:\/\/lealqueiroz.adv.br\/wp-content\/uploads\/2022\/03\/EDITAL-N.-01-2022-RETIFICADO.pdf\">processo seletivo<\/a> ser\u00e1 realizado pela LealQueiroz Advocacia Corporativa e destina-se, exclusivamente, a advogados, com inscri\u00e7\u00e3o efetiva na OAB (Ordem dos Advogados do Brasil), aos estudantes regularmente matriculados, com frequ\u00eancia efetiva no curso de bacharelado em direito e em cursos da \u00e1rea de marketing (comunica\u00e7\u00e3o social, jornalismo, marketing, publicidade e propaganda e\/ou \u00e1reas afins), em institui\u00e7\u00e3o de ensino p\u00fablico ou particular, de n\u00edvel superior, reconhecida pelo Minist\u00e9rio da Educa\u00e7\u00e3o.<\/p>\n<p>A inscri\u00e7\u00e3o ser\u00e1 realizada mediante submiss\u00e3o de <em>curriculum<\/em>, durante o per\u00edodo compreendido entre os dias 07\/03\/2022 a <a href=\"https:\/\/lealqueiroz.adv.br\/wp-content\/uploads\/2022\/03\/EDITAL-N.-01-2022-RETIFICADO.pdf\"><strong>18\/03\/2022 (prorroga\u00e7\u00e3o das inscri\u00e7\u00f5es)<\/strong><\/a>.<\/p>\n<p>Para mais informa\u00e7\u00f5es, confira nosso <a href=\"https:\/\/lealqueiroz.adv.br\/wp-content\/uploads\/2022\/03\/EDITAL-N.-01-2022-RETIFICADO.pdf\">edital<\/a>.<\/p>\n<p>Tivemos as inscri\u00e7\u00f5es prorrogadas at\u00e9 o dia <strong>18\/03\/22<\/strong>, segue <a href=\"https:\/\/lealqueiroz.adv.br\/wp-content\/uploads\/2022\/03\/EDITAL-N.-01-2022-RETIFICADO.pdf\">edital retificado<\/a>.<\/p>\n<p><a href=\"https:\/\/lealqueiroz.adv.br\/wp-content\/uploads\/2022\/03\/EDITAL-N.-01-2022.pdf\">EDITAL N. 01-2022<\/a><\/p>\n<p><a href=\"https:\/\/lealqueiroz.adv.br\/wp-content\/uploads\/2022\/03\/EDITAL-N.-01-2022-RETIFICADO.pdf\">EDITAL N. 01-2022 &#8211; RETIFICADO<\/a><\/p>\n","protected":false},"excerpt":{"rendered":"<p>EDITAL PARA ABERTURA DE INSCRI\u00c7\u00d5ES E REALIZA\u00c7\u00c3O DO PROCESSO SELETIVO PARA AS VAGAS DE ADVOGADO, EST\u00c1GIO EM DIREITO E EM MARKETING NA LEALQUEIROZ ADVOCACIA CORPORATIVA. O processo seletivo ser\u00e1 realizado pela LealQueiroz Advocacia Corporativa e destina-se, exclusivamente, a advogados, com inscri\u00e7\u00e3o efetiva na OAB (Ordem dos Advogados do Brasil), aos estudantes regularmente matriculados, com frequ\u00eancia [&hellip;]<\/p>\n","protected":false},"author":7,"featured_media":744,"comment_status":"closed","ping_status":"open","sticky":false,"template":"","format":"standard","meta":{"_acf_changed":false,"footnotes":""},"categories":[5],"tags":[],"class_list":["post-746","post","type-post","status-publish","format-standard","has-post-thumbnail","hentry","category-editais"],"acf":[],"_links":{"self":[{"href":"https:\/\/lealqueiroz.adv.br\/index.php?rest_route=\/wp\/v2\/posts\/746","targetHints":{"allow":["GET"]}}],"collection":[{"href":"https:\/\/lealqueiroz.adv.br\/index.php?rest_route=\/wp\/v2\/posts"}],"about":[{"href":"https:\/\/lealqueiroz.adv.br\/index.php?rest_route=\/wp\/v2\/types\/post"}],"author":[{"embeddable":true,"href":"https:\/\/lealqueiroz.adv.br\/index.php?rest_route=\/wp\/v2\/users\/7"}],"replies":[{"embeddable":true,"href":"https:\/\/lealqueiroz.adv.br\/index.php?rest_route=%2Fwp%2Fv2%2Fcomments&post=746"}],"version-history":[{"count":7,"href":"https:\/\/lealqueiroz.adv.br\/index.php?rest_route=\/wp\/v2\/posts\/746\/revisions"}],"predecessor-version":[{"id":771,"href":"https:\/\/lealqueiroz.adv.br\/index.php?rest_route=\/wp\/v2\/posts\/746\/revisions\/771"}],"wp:featuredmedia":[{"embeddable":true,"href":"https:\/\/lealqueiroz.adv.br\/index.php?rest_route=\/wp\/v2\/media\/744"}],"wp:attachment":[{"href":"https:\/\/lealqueiroz.adv.br\/index.php?rest_route=%2Fwp%2Fv2%2Fmedia&parent=746"}],"wp:term":[{"taxonomy":"category","embeddable":true,"href":"https:\/\/lealqueiroz.adv.br\/index.php?rest_route=%2Fwp%2Fv2%2Fcategories&post=746"},{"taxonomy":"post_tag","embeddable":true,"href":"https:\/\/lealqueiroz.adv.br\/index.php?rest_route=%2Fwp%2Fv2%2Ftags&post=746"}],"curies":[{"name":"wp","href":"https:\/\/api.w.org\/{rel}","templated":true}]}}