{"id":731,"date":"2022-03-04T09:55:50","date_gmt":"2022-03-04T12:55:50","guid":{"rendered":"https:\/\/lealqueiroz.adv.br\/?p=731"},"modified":"2023-10-25T00:28:14","modified_gmt":"2023-10-25T03:28:14","slug":"contribuicao-previdenciaria-nao-incide-sobre-auxilio-alimentacao-define-parecer-da-agu","status":"publish","type":"post","link":"https:\/\/lealqueiroz.adv.br\/?p=731","title":{"rendered":"Contribui\u00e7\u00e3o previdenci\u00e1ria n\u00e3o incide sobre aux\u00edlio-alimenta\u00e7\u00e3o, define parecer da AGU"},"content":{"rendered":"<p style=\"font-weight: 400;\">Os valores de aux\u00edlio-alimenta\u00e7\u00e3o recebidos pelos trabalhadores na forma de t\u00edquetes, cart\u00f5es ou vales-alimenta\u00e7\u00e3o n\u00e3o integram a base de c\u00e1lculo da contribui\u00e7\u00e3o previdenci\u00e1ria, mesmo antes da vig\u00eancia da Reforma Trabalhista (Lei n. 13.467\/2017). Esse \u00e9 o entendimento definido por parecer elaborado pela Advocacia-Geral da Uni\u00e3o que ganhou efeito obrigat\u00f3rio nesta quarta-feira (23\/02) ap\u00f3s ser aprovado pelo Presidente da Rep\u00fablica Jair Bolsonaro e publicado no Di\u00e1rio Oficial da Uni\u00e3o.<\/p>\n<p style=\"font-weight: 400;\">O posicionamento dever\u00e1 ser observado por todos os gestores do Poder Executivo Federal de agora em diante. O parecer colocar\u00e1 fim a qualquer controv\u00e9rsia administrativa, inclusive no \u00e2mbito do Conselho Administrativo de Recursos Fiscais (CARF), gerando seguran\u00e7a jur\u00eddica \u00e0 quest\u00e3o.<\/p>\n<p style=\"font-weight: 400;\">A conclus\u00e3o consta de parecer elaborado pela Consultoria-Geral da Uni\u00e3o, \u00f3rg\u00e3o da AGU, ap\u00f3s estudos, an\u00e1lises e consultas feitas pela Procuradoria-Geral da Fazenda Nacional e pela Secretaria de Previd\u00eancia do Minist\u00e9rio do Trabalho e Previd\u00eancia. A discuss\u00e3o jur\u00eddica dizia respeito \u00e0 incid\u00eancia do aux\u00edlio-alimenta\u00e7\u00e3o na base de c\u00e1lculo da contribui\u00e7\u00e3o previdenci\u00e1ria antes da Reforma Trabalhista, uma vez que as altera\u00e7\u00f5es promovidas em 2017 deixaram claro que somente o pagamento do aux\u00edlio na forma de pec\u00fania deve continuar integrando a contribui\u00e7\u00e3o.<\/p>\n<p style=\"font-weight: 400;\">De acordo com o entendimento, em diversos momentos a Administra\u00e7\u00e3o Tribut\u00e1ria j\u00e1 havia se manifestado a favor de equiparar o aux\u00edlio-alimenta\u00e7\u00e3o pago na forma de t\u00edquete ou cong\u00eaneres com o aux\u00edlio\u00a0<em>in natura<\/em>, oferecido pelo empregador por meio de cestas b\u00e1sicas ou refei\u00e7\u00f5es fornecidas no local de trabalho. Isso porque a entrega de cart\u00f5es eletr\u00f4nicos e magn\u00e9ticos permite, de igual maneira, a aquisi\u00e7\u00e3o dos g\u00eaneros aliment\u00edcios ou refei\u00e7\u00f5es em estabelecimentos comerciais e \u201cn\u00e3o se amolda, sob qualquer aspecto, ao aux\u00edlio prestado em pec\u00fania\u201d.<\/p>\n<p style=\"font-weight: 400;\">O parecer cita jurisprud\u00eancia do Superior Tribunal de Justi\u00e7a no sentido da n\u00e3o incid\u00eancia da contribui\u00e7\u00e3o quando o recebimento do aux\u00edlio se der\u00a0<em>in natura<\/em>. \u201cO fator relevante para o aux\u00edlio-alimenta\u00e7\u00e3o\u00a0<em>in natura\u00a0<\/em>compor, ou n\u00e3o, a base de c\u00e1lculo da contribui\u00e7\u00e3o previdenci\u00e1ria foi a sua natureza n\u00e3o salarial, a despeito de qualquer outro elemento adicional\u201d, assinala o parecer.<\/p>\n<p style=\"font-weight: 400;\">De acordo com o entendimento, a Reforma Trabalhista, ao alterar o \u00a72\u00ba do art. 457 da Consolida\u00e7\u00e3o das Leis Trabalhistas (CLT), veio explicitar algo que j\u00e1 estava no dispositivo que instituiu a base de c\u00e1lculo da contribui\u00e7\u00e3o previdenci\u00e1ria. \u201cPortanto, o aux\u00edlio-alimenta\u00e7\u00e3o na forma de t\u00edquetes ou cong\u00eanere, mesmo antes do advento do \u00a72\u00ba do art. 457, j\u00e1 n\u00e3o integrava a base de c\u00e1lculo da contribui\u00e7\u00e3o previdenci\u00e1ria, nos termos do caput do art. 28 da Lei 8.212\/1991\u201d.<\/p>\n<p style=\"font-weight: 400;\"><em>Com informa\u00e7\u00f5es da\u00a0<a href=\"http:\/\/gov.br\/agu\">AGU<\/a><\/em><\/p>\n<p style=\"font-weight: 400;\">Acesse\u00a0<a href=\"https:\/\/www.in.gov.br\/en\/web\/dou\/-\/despacho-do-presidente-da-republica-382222166\">aqui<\/a>\u00a0a \u00edntegra do Despacho do Presidente da Rep\u00fablica, publicado no Di\u00e1rio Oficial da Uni\u00e3o em: 23\/02\/2022, edi\u00e7\u00e3o: 38, se\u00e7\u00e3o: 1 e p\u00e1gina: 15.<\/p>\n<p style=\"font-weight: 400;\">Fonte: <a href=\"https:\/\/www.abras.com.br\/clipping\/juridico\/110217\/contribuicao-previdenciaria-nao-incide-sobre-auxilio-alimentacao-define-parecer-da-agu\">ABRAS (Associa\u00e7\u00e3o Brasileira de Supermercados).<\/a><\/p>\n<p style=\"font-weight: 400;\">\n","protected":false},"excerpt":{"rendered":"<p>Os valores de aux\u00edlio-alimenta\u00e7\u00e3o recebidos pelos trabalhadores na forma de t\u00edquetes, cart\u00f5es ou vales-alimenta\u00e7\u00e3o n\u00e3o integram a base de c\u00e1lculo da contribui\u00e7\u00e3o previdenci\u00e1ria, mesmo antes da vig\u00eancia da Reforma Trabalhista (Lei n. 13.467\/2017). Esse \u00e9 o entendimento definido por parecer elaborado pela Advocacia-Geral da Uni\u00e3o que ganhou efeito obrigat\u00f3rio nesta quarta-feira (23\/02) ap\u00f3s ser aprovado [&hellip;]<\/p>\n","protected":false},"author":7,"featured_media":734,"comment_status":"closed","ping_status":"open","sticky":false,"template":"","format":"standard","meta":{"_acf_changed":false,"footnotes":""},"categories":[4],"tags":[],"class_list":["post-731","post","type-post","status-publish","format-standard","has-post-thumbnail","hentry","category-noticias"],"acf":[],"_links":{"self":[{"href":"https:\/\/lealqueiroz.adv.br\/index.php?rest_route=\/wp\/v2\/posts\/731","targetHints":{"allow":["GET"]}}],"collection":[{"href":"https:\/\/lealqueiroz.adv.br\/index.php?rest_route=\/wp\/v2\/posts"}],"about":[{"href":"https:\/\/lealqueiroz.adv.br\/index.php?rest_route=\/wp\/v2\/types\/post"}],"author":[{"embeddable":true,"href":"https:\/\/lealqueiroz.adv.br\/index.php?rest_route=\/wp\/v2\/users\/7"}],"replies":[{"embeddable":true,"href":"https:\/\/lealqueiroz.adv.br\/index.php?rest_route=%2Fwp%2Fv2%2Fcomments&post=731"}],"version-history":[{"count":2,"href":"https:\/\/lealqueiroz.adv.br\/index.php?rest_route=\/wp\/v2\/posts\/731\/revisions"}],"predecessor-version":[{"id":736,"href":"https:\/\/lealqueiroz.adv.br\/index.php?rest_route=\/wp\/v2\/posts\/731\/revisions\/736"}],"wp:featuredmedia":[{"embeddable":true,"href":"https:\/\/lealqueiroz.adv.br\/index.php?rest_route=\/wp\/v2\/media\/734"}],"wp:attachment":[{"href":"https:\/\/lealqueiroz.adv.br\/index.php?rest_route=%2Fwp%2Fv2%2Fmedia&parent=731"}],"wp:term":[{"taxonomy":"category","embeddable":true,"href":"https:\/\/lealqueiroz.adv.br\/index.php?rest_route=%2Fwp%2Fv2%2Fcategories&post=731"},{"taxonomy":"post_tag","embeddable":true,"href":"https:\/\/lealqueiroz.adv.br\/index.php?rest_route=%2Fwp%2Fv2%2Ftags&post=731"}],"curies":[{"name":"wp","href":"https:\/\/api.w.org\/{rel}","templated":true}]}}