{"id":698,"date":"2022-02-21T11:44:51","date_gmt":"2022-02-21T14:44:51","guid":{"rendered":"https:\/\/lealqueiroz.adv.br\/?p=698"},"modified":"2023-10-25T00:28:02","modified_gmt":"2023-10-25T03:28:02","slug":"congresso-promulga-pec-que-transforma-protecao-de-dados-pessoais-em-direito-fundamental","status":"publish","type":"post","link":"https:\/\/lealqueiroz.adv.br\/?p=698","title":{"rendered":"Congresso promulga PEC que transforma prote\u00e7\u00e3o de dados pessoais em direito fundamental"},"content":{"rendered":"<p>O Congresso promulgou nesta quinta-feira (10) a proposta de Emenda \u00e0 Constitui\u00e7\u00e3o (PEC) que inclui a prote\u00e7\u00e3o de dados pessoais entre os direitos fundamentais do cidad\u00e3o. O texto, ent\u00e3o, passa a valer e fazer parte da Constitui\u00e7\u00e3o.<\/p>\n<div class=\"mc-column content-text active-extra-styles \" data-block-type=\"unstyled\" data-block-weight=\"34\" data-block-id=\"3\">\n<p class=\"content-text__container \" data-track-category=\"Link no Texto\" data-track-links=\"\">A PEC inclui no artigo 5\u00ba, que trata dos direitos individuais e coletivos, novo trecho que diz ser\u00a0<strong><span class=\"highlight highlighted\">&#8220;assegurado, nos termos da lei, o direito \u00e0 prote\u00e7\u00e3o dos dados pessoais, inclusive nos meios digitais&#8221;<\/span><\/strong>.<\/p>\n<\/div>\n<div class=\"mc-column content-text active-extra-styles \" data-block-type=\"unstyled\" data-block-weight=\"41\" data-block-id=\"4\">\n<p class=\"content-text__container \" data-track-category=\"Link no Texto\" data-track-links=\"\">A inclus\u00e3o torna a prote\u00e7\u00e3o de dados pessoais\u00a0<strong><span class=\"highlight highlighted\">cl\u00e1usula p\u00e9trea<\/span><\/strong>\u00a0\u2013 o que significa que qualquer mudan\u00e7a nesse tema ter\u00e1 de ser no sentido de ampliar e resguardar os direitos. Eventuais altera\u00e7\u00f5es n\u00e3o poder\u00e3o fragilizar a prote\u00e7\u00e3o \u00e0 privacidade do cidad\u00e3o.<\/p>\n<div class=\"mc-column content-text active-extra-styles \" data-block-type=\"unstyled\" data-block-weight=\"64\" data-block-id=\"6\">\n<p class=\"content-text__container \" data-track-category=\"Link no Texto\" data-track-links=\"\">&#8220;Quando voc\u00ea coloca um direito na Constitui\u00e7\u00e3o, voc\u00ea j\u00e1 impede que atrav\u00e9s de lei, com um qu\u00f3rum menos qualificado, voc\u00ea fa\u00e7a restri\u00e7\u00e3o a esse direito que passou a ser fundamental. Passou a ser absoluto o direito \u00e0 prote\u00e7\u00e3o de dados pessoais, inclusive no que se refere \u00e0s redes digitais&#8221;, disse a senadora Simone Tebet (MDB-MS), que relatou a proposta quando essa passou pelo Senado.<\/p>\n<\/div>\n<div class=\"mc-column content-text active-extra-styles \" data-block-type=\"unstyled\" data-block-weight=\"27\" data-block-id=\"7\">\n<p class=\"content-text__container \" data-track-category=\"Link no Texto\" data-track-links=\"\">Presidente do Senado, Rodrigo Pacheco afirmou que a promulga\u00e7\u00e3o da emenda constitucional \u00e9 uma demonstra\u00e7\u00e3o do compromisso do Congresso &#8220;com o valor inegoci\u00e1vel da liberdade individual&#8221;.<\/p>\n<\/div>\n<div class=\"mc-column content-text active-extra-styles \" data-block-type=\"unstyled\" data-block-weight=\"26\" data-block-id=\"8\">\n<p class=\"content-text__container \" data-track-category=\"Link no Texto\" data-track-links=\"\">O parlamentar tamb\u00e9m declarou que a medida refor\u00e7a a seguran\u00e7a jur\u00eddica e melhora o ambiente para investimentos no setor de tecnologia e comunica\u00e7\u00e3o no pa\u00eds.<\/p>\n<\/div>\n<div class=\"mc-column content-text active-extra-styles \" data-block-type=\"unstyled\" data-block-weight=\"27\" data-block-id=\"9\">\n<p class=\"content-text__container \" data-track-category=\"Link no Texto\" data-track-links=\"\">&#8220;O Poder Legislativo deve ser exaltado por cumprir sua fun\u00e7\u00e3o institucional de oferecer uma legisla\u00e7\u00e3o moderna e eficiente, com respeito \u00e0 liberdade dos cidad\u00e3os&#8221;, disse Pacheco.<\/p>\n<div class=\"mc-column content-text active-extra-styles\" data-block-type=\"raw\" data-block-weight=\"2\" data-block-id=\"12\">\n<div class=\"content-intertitle\">\n<h2>Legisla\u00e7\u00e3o unificada<\/h2>\n<p>&nbsp;<\/p>\n<\/div>\n<\/div>\n<div class=\"mc-column content-text active-extra-styles \" data-block-type=\"unstyled\" data-block-weight=\"37\" data-block-id=\"13\">\n<p class=\"content-text__container \" data-track-category=\"Link no Texto\" data-track-links=\"\">A proposta tamb\u00e9m estabelece que cabe \u00e0 Uni\u00e3o organizar e fiscalizar a prote\u00e7\u00e3o e o tratamento de dados pessoais. Ainda conforme a PEC, a Uni\u00e3o ter\u00e1 compet\u00eancia exclusiva para legislar sobre prote\u00e7\u00e3o e tratamento de dados pessoais.<\/p>\n<\/div>\n<div class=\"mc-column content-text active-extra-styles \" data-block-type=\"unstyled\" data-block-weight=\"44\" data-block-id=\"14\">\n<p class=\"content-text__container \" data-track-category=\"Link no Texto\" data-track-links=\"\">Isso evita, segundo defensores da PEC, a pulveriza\u00e7\u00e3o de legisla\u00e7\u00f5es estaduais e, at\u00e9 mesmo, municipais sobre o tema. Parlamentares favor\u00e1veis ao texto dizem ser &#8220;importante&#8221; que a Uni\u00e3o detenha a compet\u00eancia central legislativa, at\u00e9 para preservar a Lei Geral de Prote\u00e7\u00e3o de Dados (LGPD).<\/p>\n<\/div>\n<div class=\"mc-column content-text active-extra-styles \" data-block-type=\"unstyled\" data-block-weight=\"44\" data-block-id=\"15\">\n<p class=\"content-text__container \" data-track-category=\"Link no Texto\" data-track-links=\"\">Esses congressistas entendem que, se a previs\u00e3o n\u00e3o estiver na Constitui\u00e7\u00e3o, pode-se abrir espa\u00e7o para centenas de diplomas legais tratarem do tema, oferecendo conceitos distintos para o que \u00e9 dado pessoal e quem s\u00e3o os agentes de tratamento sujeitos \u00e0 lei, entre outros pontos.<\/p>\n<\/div>\n<div class=\"mc-column content-text active-extra-styles \" data-block-type=\"unstyled\" data-block-weight=\"29\" data-block-id=\"16\">\n<p class=\"content-text__container \" data-track-category=\"Link no Texto\" data-track-links=\"\">A garantia de uma legisla\u00e7\u00e3o uniforme \u00e9 importante, por exemplo, para que as empresas e demais agentes envolvidos tenham melhores condi\u00e7\u00f5es de se adequarem \u00e0s regras previstas na LGPD.<\/p>\n<\/div>\n<div class=\"mc-column content-text active-extra-styles \" data-block-type=\"unstyled\" data-block-weight=\"57\" data-block-id=\"17\">\n<p class=\"content-text__container \" data-track-category=\"Link no Texto\" data-track-links=\"\">&#8220;Voc\u00ea garante seguran\u00e7a jur\u00eddica. Voc\u00ea diz: primeiro, o direito \u00e0 prote\u00e7\u00e3o de dados \u00e9 constitucional; segundo, a Uni\u00e3o \u00e9 que vai legislar sobre isso; terceiro, a Uni\u00e3o vai fiscalizar essa prote\u00e7\u00e3o nos termos da legisla\u00e7\u00e3o. A legisla\u00e7\u00e3o que fala sobre zelar sobre prote\u00e7\u00e3o de dados fica, agora, muito mais fortalecida com o preceito constitucional&#8221;, afirmou Simone Tebet.<\/p>\n<p data-track-category=\"Link no Texto\" data-track-links=\"\">Desde setembro de 2020, est\u00e1 em vigor a Lei Geral de Prote\u00e7\u00e3o de Dados Pessoais (LGPD), uma norma que estabelece padr\u00f5es sobre quais dados s\u00e3o pessoais ou sens\u00edveis, al\u00e9m de trazer regras acerca de como essas informa\u00e7\u00f5es devem ser tratadas e armazenadas por empresas, como as que gerenciam redes sociais.<\/p>\n<\/div>\n<p data-track-category=\"Link no Texto\" data-track-links=\"\">Fonte: <a href=\"https:\/\/g1.globo.com\/politica\/noticia\/2022\/02\/10\/congresso-promulga-pec-que-transforma-protecao-de-dados-pessoais-em-direito-fundamental.ghtml?utm_source=whatsapp&amp;utm_medium=share-bar-mobile&amp;utm_campaign=materias\">G1<\/a><\/p>\n<\/div>\n<\/div>\n","protected":false},"excerpt":{"rendered":"<p>O Congresso promulgou nesta quinta-feira (10) a proposta de Emenda \u00e0 Constitui\u00e7\u00e3o (PEC) que inclui a prote\u00e7\u00e3o de dados pessoais entre os direitos fundamentais do cidad\u00e3o. O texto, ent\u00e3o, passa a valer e fazer parte da Constitui\u00e7\u00e3o. A PEC inclui no artigo 5\u00ba, que trata dos direitos individuais e coletivos, novo trecho que diz ser\u00a0&#8220;assegurado, [&hellip;]<\/p>\n","protected":false},"author":7,"featured_media":701,"comment_status":"closed","ping_status":"open","sticky":false,"template":"","format":"standard","meta":{"_acf_changed":false,"footnotes":""},"categories":[4],"tags":[],"class_list":["post-698","post","type-post","status-publish","format-standard","has-post-thumbnail","hentry","category-noticias"],"acf":[],"_links":{"self":[{"href":"https:\/\/lealqueiroz.adv.br\/index.php?rest_route=\/wp\/v2\/posts\/698","targetHints":{"allow":["GET"]}}],"collection":[{"href":"https:\/\/lealqueiroz.adv.br\/index.php?rest_route=\/wp\/v2\/posts"}],"about":[{"href":"https:\/\/lealqueiroz.adv.br\/index.php?rest_route=\/wp\/v2\/types\/post"}],"author":[{"embeddable":true,"href":"https:\/\/lealqueiroz.adv.br\/index.php?rest_route=\/wp\/v2\/users\/7"}],"replies":[{"embeddable":true,"href":"https:\/\/lealqueiroz.adv.br\/index.php?rest_route=%2Fwp%2Fv2%2Fcomments&post=698"}],"version-history":[{"count":4,"href":"https:\/\/lealqueiroz.adv.br\/index.php?rest_route=\/wp\/v2\/posts\/698\/revisions"}],"predecessor-version":[{"id":705,"href":"https:\/\/lealqueiroz.adv.br\/index.php?rest_route=\/wp\/v2\/posts\/698\/revisions\/705"}],"wp:featuredmedia":[{"embeddable":true,"href":"https:\/\/lealqueiroz.adv.br\/index.php?rest_route=\/wp\/v2\/media\/701"}],"wp:attachment":[{"href":"https:\/\/lealqueiroz.adv.br\/index.php?rest_route=%2Fwp%2Fv2%2Fmedia&parent=698"}],"wp:term":[{"taxonomy":"category","embeddable":true,"href":"https:\/\/lealqueiroz.adv.br\/index.php?rest_route=%2Fwp%2Fv2%2Fcategories&post=698"},{"taxonomy":"post_tag","embeddable":true,"href":"https:\/\/lealqueiroz.adv.br\/index.php?rest_route=%2Fwp%2Fv2%2Ftags&post=698"}],"curies":[{"name":"wp","href":"https:\/\/api.w.org\/{rel}","templated":true}]}}