{"id":665,"date":"2022-02-14T09:00:42","date_gmt":"2022-02-14T12:00:42","guid":{"rendered":"https:\/\/lealqueiroz.adv.br\/?p=665"},"modified":"2023-10-25T00:27:53","modified_gmt":"2023-10-25T03:27:53","slug":"projeto-reduz-multa-sobre-fgts-nos-casos-de-demissao-sem-justa-causa","status":"publish","type":"post","link":"https:\/\/lealqueiroz.adv.br\/?p=665","title":{"rendered":"Projeto reduz multa sobre FGTS nos casos de demiss\u00e3o sem justa causa"},"content":{"rendered":"<p>O Projeto de Lei 2383\/21 reduz a multa a ser depositada pelo empregador na conta vinculada do empregado no Fundo de Garantia do Tempo de Servi\u00e7o (FGTS) em caso de demiss\u00e3o sem justa causa e por culpa rec\u00edproca ou for\u00e7a maior.<\/p>\n<p>&nbsp;<\/p>\n<p>Atualmente, na demiss\u00e3o sem justa causa, o empregado recebe uma indeniza\u00e7\u00e3o de 40% sobre a soma de dep\u00f3sitos feitos pelo empregador. O texto em an\u00e1lise na C\u00e2mara dos Deputados altera a Lei do FGTS e baixa a multa para 25%. Em caso de culpa rec\u00edproca ou for\u00e7a maior, reduz dos atuais 20% para 10%.<\/p>\n<p>&nbsp;<\/p>\n<p>&#8220;Essa multa, como est\u00e1 atualmente, onera o empregador e traz um incentivo n\u00e3o desej\u00e1vel ao mercado de trabalho\u201d, afirma o autor da proposta, deputado Nereu Crispim (PSL-RS). \u201cA redu\u00e7\u00e3o dos encargos sociais poder\u00e1 contribuir para o aumento da competitividade nacional\u201d, analisa o parlamentar.<\/p>\n<p>&nbsp;<\/p>\n<h4>Tramita\u00e7\u00e3o<\/h4>\n<p>&nbsp;<\/p>\n<p>O projeto tramita em car\u00e1ter conclusivo e ser\u00e1 analisado pelas comiss\u00f5es de Trabalho, de Administra\u00e7\u00e3o e Servi\u00e7o P\u00fablico; de Finan\u00e7as e Tributa\u00e7\u00e3o; e de Constitui\u00e7\u00e3o e Justi\u00e7a e de Cidadania.<\/p>\n<p>&nbsp;<\/p>\n<p>Fonte: <a href=\"https:\/\/www.abras.com.br\/clipping\/juridico\/110053\/projeto-reduz-multa-sobre-fgts-nos-casos-de-demissao-sem-justa-causa\">Associa\u00e7\u00e3o Brasileira de Supermercados (ABRAS)<\/a><\/p>\n","protected":false},"excerpt":{"rendered":"<p>O Projeto de Lei 2383\/21 reduz a multa a ser depositada pelo empregador na conta vinculada do empregado no Fundo de Garantia do Tempo de Servi\u00e7o (FGTS) em caso de demiss\u00e3o sem justa causa e por culpa rec\u00edproca ou for\u00e7a maior. &nbsp; Atualmente, na demiss\u00e3o sem justa causa, o empregado recebe uma indeniza\u00e7\u00e3o de 40% [&hellip;]<\/p>\n","protected":false},"author":7,"featured_media":667,"comment_status":"closed","ping_status":"open","sticky":false,"template":"","format":"standard","meta":{"_acf_changed":false,"footnotes":""},"categories":[4],"tags":[],"class_list":["post-665","post","type-post","status-publish","format-standard","has-post-thumbnail","hentry","category-noticias"],"acf":[],"_links":{"self":[{"href":"https:\/\/lealqueiroz.adv.br\/index.php?rest_route=\/wp\/v2\/posts\/665","targetHints":{"allow":["GET"]}}],"collection":[{"href":"https:\/\/lealqueiroz.adv.br\/index.php?rest_route=\/wp\/v2\/posts"}],"about":[{"href":"https:\/\/lealqueiroz.adv.br\/index.php?rest_route=\/wp\/v2\/types\/post"}],"author":[{"embeddable":true,"href":"https:\/\/lealqueiroz.adv.br\/index.php?rest_route=\/wp\/v2\/users\/7"}],"replies":[{"embeddable":true,"href":"https:\/\/lealqueiroz.adv.br\/index.php?rest_route=%2Fwp%2Fv2%2Fcomments&post=665"}],"version-history":[{"count":5,"href":"https:\/\/lealqueiroz.adv.br\/index.php?rest_route=\/wp\/v2\/posts\/665\/revisions"}],"predecessor-version":[{"id":697,"href":"https:\/\/lealqueiroz.adv.br\/index.php?rest_route=\/wp\/v2\/posts\/665\/revisions\/697"}],"wp:featuredmedia":[{"embeddable":true,"href":"https:\/\/lealqueiroz.adv.br\/index.php?rest_route=\/wp\/v2\/media\/667"}],"wp:attachment":[{"href":"https:\/\/lealqueiroz.adv.br\/index.php?rest_route=%2Fwp%2Fv2%2Fmedia&parent=665"}],"wp:term":[{"taxonomy":"category","embeddable":true,"href":"https:\/\/lealqueiroz.adv.br\/index.php?rest_route=%2Fwp%2Fv2%2Fcategories&post=665"},{"taxonomy":"post_tag","embeddable":true,"href":"https:\/\/lealqueiroz.adv.br\/index.php?rest_route=%2Fwp%2Fv2%2Ftags&post=665"}],"curies":[{"name":"wp","href":"https:\/\/api.w.org\/{rel}","templated":true}]}}