{"id":632,"date":"2022-01-27T18:53:57","date_gmt":"2022-01-27T21:53:57","guid":{"rendered":"https:\/\/lealqueiroz.adv.br\/?p=632"},"modified":"2023-10-25T00:27:26","modified_gmt":"2023-10-25T03:27:26","slug":"a-importancia-do-treinamento-na-implementacao-da-lgpd","status":"publish","type":"post","link":"https:\/\/lealqueiroz.adv.br\/?p=632","title":{"rendered":"A import\u00e2ncia do treinamento na implementa\u00e7\u00e3o da LGPD"},"content":{"rendered":"<p>A adequa\u00e7\u00e3o \u00e0 LGPD e\u0301 um processo complexo que demanda a participa\u00e7\u00e3o de diversos setores da empresa e n\u00e3o se restringe ao mapeamento de dados, revis\u00e3o de documentos, elabora\u00e7\u00e3o de pol\u00edticas e implementa\u00e7\u00e3o de sistemas de seguran\u00e7a; e\u0301 preciso que toda a empresa esteja ciente da import\u00e2ncia da prote\u00e7\u00e3o de dados e a relev\u00e2ncia de cada colaborador nesse processo, posto que n\u00e3o ha\u0301 programa de conformidade que se sustente sem que os colaboradores estejam capacitados, e aptos, a cumprir, e adotar, medidas de prote\u00e7\u00e3o de dados.<\/p>\n<p>Por isso, realizar treinamentos espec\u00edficos em privacidade e prote\u00e7\u00e3o de dados e\u0301 um dos pontos mais importantes para as empresas que querem se adequar a\u0300 Lei Geral de Prote\u00e7\u00e3o de Dados, principalmente, porque as obriga\u00e7\u00f5es, por ela impostas,, possuem natureza de responsabilidade demonstrada. Nesse sentido, a empresa n\u00e3o basta afirmar estar em conformidade com a lei; e\u0301 preciso demonstrar a ado\u00e7\u00e3o de medidas eficazes de garantir o cumprimento das normas de prote\u00e7\u00e3o de dados pessoais. O treinamento dos colaboradores \u00e9 umas dessas medidas<\/p>\n<p>O treinamento tamb\u00e9m ajuda a reduzir o risco de tratamento indevido de dados pessoais e de incidentes de seguran\u00e7a, posto que \u00e9 naquela oportunidade que os colaboradores saber\u00e3o identificar quando um tratamento de dados e\u0301 legitimo ou n\u00e3o; as principais amea\u00e7as a\u0300 seguran\u00e7a dos dados, e com isso reduzam a probabilidade da ocorr\u00eancia de incidentes, bem como a import\u00e2ncia da Seguran\u00e7a da Informa\u00e7\u00e3o e das medidas de prote\u00e7\u00e3o estipuladas pela empresa.<\/p>\n<p>Por fim, mas n\u00e3o menos importante, o treinamento e\u0301 fundamental para incorporar a prote\u00e7\u00e3o de dados a\u0300 cultura organizacional, ou seja, para ampliar a conscientiza\u00e7\u00e3o a respeito do assunto e assimila\u0301-lo como uma parte essencial das pr\u00e1ticas da empresa.<\/p>\n<p>Essa conscientiza\u00e7\u00e3o esta\u0301 na ess\u00eancia da LGPD e e\u0301, inclusive, um dos principais objetivos da ANPD (Autoridade Nacional de Prote\u00e7\u00e3o de Dados), \u00f3rg\u00e3o respons\u00e1vel por fiscalizar a aplica\u00e7\u00e3o da lei.<\/p>\n<p>&nbsp;<\/p>\n<p>Texto por: Andrezza Almeida<\/p>\n<p>Advogada e S\u00f3cia da Leal Queiroz<\/p>\n","protected":false},"excerpt":{"rendered":"<p>A adequa\u00e7\u00e3o \u00e0 LGPD e\u0301 um processo complexo que demanda a participa\u00e7\u00e3o de diversos setores da empresa e n\u00e3o se restringe ao mapeamento de dados, revis\u00e3o de documentos, elabora\u00e7\u00e3o de pol\u00edticas e implementa\u00e7\u00e3o de sistemas de seguran\u00e7a; e\u0301 preciso que toda a empresa esteja ciente da import\u00e2ncia da prote\u00e7\u00e3o de dados e a relev\u00e2ncia de [&hellip;]<\/p>\n","protected":false},"author":7,"featured_media":635,"comment_status":"closed","ping_status":"open","sticky":false,"template":"","format":"standard","meta":{"_acf_changed":false,"footnotes":""},"categories":[3,24],"tags":[],"class_list":["post-632","post","type-post","status-publish","format-standard","has-post-thumbnail","hentry","category-artigos","category-eventos"],"acf":[],"_links":{"self":[{"href":"https:\/\/lealqueiroz.adv.br\/index.php?rest_route=\/wp\/v2\/posts\/632","targetHints":{"allow":["GET"]}}],"collection":[{"href":"https:\/\/lealqueiroz.adv.br\/index.php?rest_route=\/wp\/v2\/posts"}],"about":[{"href":"https:\/\/lealqueiroz.adv.br\/index.php?rest_route=\/wp\/v2\/types\/post"}],"author":[{"embeddable":true,"href":"https:\/\/lealqueiroz.adv.br\/index.php?rest_route=\/wp\/v2\/users\/7"}],"replies":[{"embeddable":true,"href":"https:\/\/lealqueiroz.adv.br\/index.php?rest_route=%2Fwp%2Fv2%2Fcomments&post=632"}],"version-history":[{"count":2,"href":"https:\/\/lealqueiroz.adv.br\/index.php?rest_route=\/wp\/v2\/posts\/632\/revisions"}],"predecessor-version":[{"id":689,"href":"https:\/\/lealqueiroz.adv.br\/index.php?rest_route=\/wp\/v2\/posts\/632\/revisions\/689"}],"wp:featuredmedia":[{"embeddable":true,"href":"https:\/\/lealqueiroz.adv.br\/index.php?rest_route=\/wp\/v2\/media\/635"}],"wp:attachment":[{"href":"https:\/\/lealqueiroz.adv.br\/index.php?rest_route=%2Fwp%2Fv2%2Fmedia&parent=632"}],"wp:term":[{"taxonomy":"category","embeddable":true,"href":"https:\/\/lealqueiroz.adv.br\/index.php?rest_route=%2Fwp%2Fv2%2Fcategories&post=632"},{"taxonomy":"post_tag","embeddable":true,"href":"https:\/\/lealqueiroz.adv.br\/index.php?rest_route=%2Fwp%2Fv2%2Ftags&post=632"}],"curies":[{"name":"wp","href":"https:\/\/api.w.org\/{rel}","templated":true}]}}