{"id":625,"date":"2022-01-28T16:52:34","date_gmt":"2022-01-28T19:52:34","guid":{"rendered":"https:\/\/lealqueiroz.adv.br\/?p=625"},"modified":"2023-10-25T00:27:31","modified_gmt":"2023-10-25T03:27:31","slug":"dia-internacional-da-protecao-de-dados","status":"publish","type":"post","link":"https:\/\/lealqueiroz.adv.br\/?p=625","title":{"rendered":"Dia Internacional da Prote\u00e7\u00e3o de Dados"},"content":{"rendered":"<p>O Dia Internacional da Prote\u00e7\u00e3o de Dados Pessoais foi criado pelo Conselho da Europa, organiza\u00e7\u00e3o de defesa dos Direitos Humanos da Europa, em 28 de janeiro de 2006, data em que a Conven\u00e7\u00e3o de 108, introduzida pelo Conselho da Europa, foi realizada em 1981.<\/p>\n<p>N\u00e3o obstante a celebra\u00e7\u00e3o do referido dia ter se iniciado na Europa, atualmente o dia \u00e9 celebrado em todo o mundo. No Brasil sua celebra\u00e7\u00e3o se torna cada vez mais importante, vez que a nova Lei Geral de Prote\u00e7\u00e3o de Dados, em vigor desde 01 de agosto de 2020, com exce\u00e7\u00e3o das san\u00e7\u00f5es administrativas (em vigor em 01 de agosto de 2021), inovou o ordenamento jur\u00eddico brasileiro ao trazer disposi\u00e7\u00f5es e regras sobre a prote\u00e7\u00e3o e privacidade dos dados pessoais, conceder direitos as pessoas f\u00edsicas e dispor sobre severas penalidades em raz\u00e3o do seu descumprimento, o que resulta na necessidade das pessoas naturais e das pessoas jur\u00eddicas, de direito p\u00fablico ou privado, adequarem-se \u00e0 legisla\u00e7\u00e3o em quest\u00e3o.<\/p>\n<p>Por esta raz\u00e3o, a celebra\u00e7\u00e3o do Dia Internacional de Prote\u00e7\u00e3o de Dados possui o objetivo de conscientizar sobre a import\u00e2ncia da prote\u00e7\u00e3o de dados pessoais, bem como incentivar a adequa\u00e7\u00e3o \u00e0 lei, uma vez que as fiscaliza\u00e7\u00f5es acerca do cumprimento dos dispositivos da legisla\u00e7\u00e3o de prote\u00e7\u00e3o de dados iniciar\u00e3o neste ano<\/p>\n<p>E sua empresa, j\u00e1 se adequou aos termos da Lei Geral de Prote\u00e7\u00e3o de Dados?<\/p>\n<p>&nbsp;<\/p>\n<p>Texto por: Lizandra Batista ( Advogada da \u00e1rea de LGPD)<\/p>\n<p>&nbsp;<\/p>\n<p><strong>RESTARAM D\u00daVIDAS? ENTRE EM CONTATO CONOSCO<\/strong><\/p>\n<p>&nbsp;<\/p>\n<p>LEAL QUEIROZ ADVOCACIA CORPORATIVA<\/p>\n<p>(83) 3077-2107<\/p>\n<p><a href=\"mailto:contato@lealqueiroz.adv.br\">contato@lealqueiroz.adv.br<\/a><\/p>\n","protected":false},"excerpt":{"rendered":"<p>O Dia Internacional da Prote\u00e7\u00e3o de Dados Pessoais foi criado pelo Conselho da Europa, organiza\u00e7\u00e3o de defesa dos Direitos Humanos da Europa, em 28 de janeiro de 2006, data em que a Conven\u00e7\u00e3o de 108, introduzida pelo Conselho da Europa, foi realizada em 1981. N\u00e3o obstante a celebra\u00e7\u00e3o do referido dia ter se iniciado na [&hellip;]<\/p>\n","protected":false},"author":7,"featured_media":628,"comment_status":"closed","ping_status":"open","sticky":false,"template":"","format":"standard","meta":{"_acf_changed":false,"footnotes":""},"categories":[3],"tags":[],"class_list":["post-625","post","type-post","status-publish","format-standard","has-post-thumbnail","hentry","category-artigos"],"acf":[],"_links":{"self":[{"href":"https:\/\/lealqueiroz.adv.br\/index.php?rest_route=\/wp\/v2\/posts\/625","targetHints":{"allow":["GET"]}}],"collection":[{"href":"https:\/\/lealqueiroz.adv.br\/index.php?rest_route=\/wp\/v2\/posts"}],"about":[{"href":"https:\/\/lealqueiroz.adv.br\/index.php?rest_route=\/wp\/v2\/types\/post"}],"author":[{"embeddable":true,"href":"https:\/\/lealqueiroz.adv.br\/index.php?rest_route=\/wp\/v2\/users\/7"}],"replies":[{"embeddable":true,"href":"https:\/\/lealqueiroz.adv.br\/index.php?rest_route=%2Fwp%2Fv2%2Fcomments&post=625"}],"version-history":[{"count":3,"href":"https:\/\/lealqueiroz.adv.br\/index.php?rest_route=\/wp\/v2\/posts\/625\/revisions"}],"predecessor-version":[{"id":652,"href":"https:\/\/lealqueiroz.adv.br\/index.php?rest_route=\/wp\/v2\/posts\/625\/revisions\/652"}],"wp:featuredmedia":[{"embeddable":true,"href":"https:\/\/lealqueiroz.adv.br\/index.php?rest_route=\/wp\/v2\/media\/628"}],"wp:attachment":[{"href":"https:\/\/lealqueiroz.adv.br\/index.php?rest_route=%2Fwp%2Fv2%2Fmedia&parent=625"}],"wp:term":[{"taxonomy":"category","embeddable":true,"href":"https:\/\/lealqueiroz.adv.br\/index.php?rest_route=%2Fwp%2Fv2%2Fcategories&post=625"},{"taxonomy":"post_tag","embeddable":true,"href":"https:\/\/lealqueiroz.adv.br\/index.php?rest_route=%2Fwp%2Fv2%2Ftags&post=625"}],"curies":[{"name":"wp","href":"https:\/\/api.w.org\/{rel}","templated":true}]}}