{"id":619,"date":"2022-01-26T18:33:33","date_gmt":"2022-01-26T21:33:33","guid":{"rendered":"https:\/\/lealqueiroz.adv.br\/?p=619"},"modified":"2023-10-25T00:27:22","modified_gmt":"2023-10-25T03:27:22","slug":"expectativas-para-a-lei-geral-de-protecao-de-dados-em-2022","status":"publish","type":"post","link":"https:\/\/lealqueiroz.adv.br\/?p=619","title":{"rendered":"Semana da Prote\u00e7\u00e3o de Dados &#8211; Expectativas da Lei Geral de Prote\u00e7\u00e3o de Dados para 2022"},"content":{"rendered":"<p>Conforme melhor explanado no post anterior, a Lei Geral de Prote\u00e7\u00e3o de Dados Pessoais (Lei n.\u00ba 13.709\/18), e suas implica\u00e7\u00f5es no ano de 2021, geraram grandes expectativas para o ano de 2022, especialmente porque no ano passado, as pessoas jur\u00eddicas, de direito p\u00fablico e privado, j\u00e1 tiveram a oportunidade de se adequar \u00e0 legisla\u00e7\u00e3o e, neste ano, as fiscaliza\u00e7\u00f5es acerca do cumprimento da Lei n.\u00ba 13.709\/18 come\u00e7ar\u00e3o.<\/p>\n<p>Deste modo, no \u00e2mbito empresarial, aquele que ainda n\u00e3o se adequou aos termos da LGPD, dever\u00e1 acelerar o processo de implementa\u00e7\u00e3o da referida legisla\u00e7\u00e3o o quanto antes, de modo que esteja prevenido das penalidades, inclusive financeiras, em decorr\u00eancia do seu descumprimento.<\/p>\n<p>Isto porque, os \u00f3rg\u00e3os p\u00fablicos dever\u00e3o intensificar as fiscaliza\u00e7\u00f5es acerca do cumprimento da LGPD neste ano, n\u00e3o obstante terem iniciado fiscaliza\u00e7\u00f5es pontuais, antes mesmo da entrada em vigor das san\u00e7\u00f5es administrativas da respectiva legisla\u00e7\u00e3o em 01 de agosto de 2021.<\/p>\n<p>Ademais, a tend\u00eancia \u00e9 que os titulares dos dados entendam cada vez mais os termos e os direitos previstos na LGPD, o que poder\u00e1 ensejar a abertura de solicita\u00e7\u00f5es dos titulares, bem como aumentar as reclama\u00e7\u00f5es e\/ou den\u00fancias realizadas por meio do portal de peticionamento eletr\u00f4nico da Autoridade Nacional de Prote\u00e7\u00e3o de Dados (ANPD) e demandas judiciais com fundamento nos termos da legisla\u00e7\u00e3o de prote\u00e7\u00e3o de dados.<\/p>\n<p>Por esta raz\u00e3o, a adequa\u00e7\u00e3o \u00e0 LGPD poder\u00e1 ser o diferencial das empresas que realizam o tratamento dos dados, al\u00e9m de demonstrar seguran\u00e7a no que se refere a prote\u00e7\u00e3o das informa\u00e7\u00f5es dos seus clientes, parceiros comerciais e empregados.<\/p>\n<p>Em s\u00edntese, a expectativa para 2022 \u00e9 que seja um ano em que a tem\u00e1tica da prote\u00e7\u00e3o de dados pessoais estar\u00e1 ainda mais presente nas m\u00eddias sociais, no judici\u00e1rio brasileiro e no cotidiano das pessoas e, por este motivo, ser\u00e1 um ano de adapta\u00e7\u00e3o tanto para as pessoas jur\u00eddicas que realizam o tratamento dos dados pessoais, como para as pessoas f\u00edsicas detentoras dos direitos previstos no art. 18 da legisla\u00e7\u00e3o de prote\u00e7\u00e3o de dados.<\/p>\n<p>&nbsp;<\/p>\n<p>Texto por:<\/p>\n<p>Lizandra Batista da Silva<\/p>\n<p>Advogada da \u00e1rea de LGPD<\/p>\n<p><a href=\"mailto:lgpd@lealqueiroz.adv.br\">lgpd@lealqueiroz.adv.br<\/a><\/p>\n<p>&nbsp;<\/p>\n<p>&nbsp;<\/p>\n<div class=\"col-xs-12 col-sm-12 col-md-8 col-lg-8\">\n<div class=\"content\">\n<h3>RESTARAM D\u00daVIDAS? ENTRE EM CONTATO CONOSCO<\/h3>\n<p>LEAL QUEIROZ ADVOCACIA CORPORATIVA<br \/>\n(83) 3077-2107<br \/>\n<a href=\"mailto:contato@lealqueiroz.adv.br\">contato@lealqueiroz.adv.br<\/a><\/p>\n<\/div>\n<\/div>\n<div class=\"col-xs-12 col-sm-12 col-md-4 col-lg-4\">\n<div class=\"margin-sidebar\"><\/div>\n<div class=\"margin-sidebar\"><\/div>\n<div class=\"post-tags\"><\/div>\n<\/div>\n","protected":false},"excerpt":{"rendered":"<p>Conforme melhor explanado no post anterior, a Lei Geral de Prote\u00e7\u00e3o de Dados Pessoais (Lei n.\u00ba 13.709\/18), e suas implica\u00e7\u00f5es no ano de 2021, geraram grandes expectativas para o ano de 2022, especialmente porque no ano passado, as pessoas jur\u00eddicas, de direito p\u00fablico e privado, j\u00e1 tiveram a oportunidade de se adequar \u00e0 legisla\u00e7\u00e3o e, [&hellip;]<\/p>\n","protected":false},"author":7,"featured_media":622,"comment_status":"closed","ping_status":"open","sticky":false,"template":"","format":"standard","meta":{"_acf_changed":false,"footnotes":""},"categories":[3],"tags":[],"class_list":["post-619","post","type-post","status-publish","format-standard","has-post-thumbnail","hentry","category-artigos"],"acf":[],"_links":{"self":[{"href":"https:\/\/lealqueiroz.adv.br\/index.php?rest_route=\/wp\/v2\/posts\/619","targetHints":{"allow":["GET"]}}],"collection":[{"href":"https:\/\/lealqueiroz.adv.br\/index.php?rest_route=\/wp\/v2\/posts"}],"about":[{"href":"https:\/\/lealqueiroz.adv.br\/index.php?rest_route=\/wp\/v2\/types\/post"}],"author":[{"embeddable":true,"href":"https:\/\/lealqueiroz.adv.br\/index.php?rest_route=\/wp\/v2\/users\/7"}],"replies":[{"embeddable":true,"href":"https:\/\/lealqueiroz.adv.br\/index.php?rest_route=%2Fwp%2Fv2%2Fcomments&post=619"}],"version-history":[{"count":7,"href":"https:\/\/lealqueiroz.adv.br\/index.php?rest_route=\/wp\/v2\/posts\/619\/revisions"}],"predecessor-version":[{"id":639,"href":"https:\/\/lealqueiroz.adv.br\/index.php?rest_route=\/wp\/v2\/posts\/619\/revisions\/639"}],"wp:featuredmedia":[{"embeddable":true,"href":"https:\/\/lealqueiroz.adv.br\/index.php?rest_route=\/wp\/v2\/media\/622"}],"wp:attachment":[{"href":"https:\/\/lealqueiroz.adv.br\/index.php?rest_route=%2Fwp%2Fv2%2Fmedia&parent=619"}],"wp:term":[{"taxonomy":"category","embeddable":true,"href":"https:\/\/lealqueiroz.adv.br\/index.php?rest_route=%2Fwp%2Fv2%2Fcategories&post=619"},{"taxonomy":"post_tag","embeddable":true,"href":"https:\/\/lealqueiroz.adv.br\/index.php?rest_route=%2Fwp%2Fv2%2Ftags&post=619"}],"curies":[{"name":"wp","href":"https:\/\/api.w.org\/{rel}","templated":true}]}}