{"id":608,"date":"2022-01-25T16:24:34","date_gmt":"2022-01-25T19:24:34","guid":{"rendered":"https:\/\/lealqueiroz.adv.br\/?p=608"},"modified":"2023-10-25T00:27:18","modified_gmt":"2023-10-25T03:27:18","slug":"semana-da-lgpd-cenario-geral-da-lgpd-no-brasil-em-2021","status":"publish","type":"post","link":"https:\/\/lealqueiroz.adv.br\/?p=608","title":{"rendered":"SEMANA DA PROTE\u00c7\u00c3O DE DADOS &#8211; Cen\u00e1rio Geral da LGPD no Brasil em 2021"},"content":{"rendered":"<p>Na semana de prote\u00e7\u00e3o de dados \u00e9 importante relembrar os principais resultados da nova Lei Geral de Prote\u00e7\u00e3o de Dados (Lei n.\u00ba 13.709\/18), ocorridos no Brasil no ano de 2021, vez que suas san\u00e7\u00f5es administrativas entraram em vigor em 01 de agosto no citado ano.<\/p>\n<p>\u00c9 importante pontuar que, antes mesmo da entrada em vigor das san\u00e7\u00f5es administrativas, o Brasil contava com mais de 600 processos judiciais que possu\u00edam como fundamento os dispositivos da legisla\u00e7\u00e3o de prote\u00e7\u00e3o de dados, o que demonstra a relev\u00e2ncia da tem\u00e1tica.<\/p>\n<p>Al\u00e9m disso, sob o pretexto de evidenciar \u00e0 prote\u00e7\u00e3o de dados pessoais, o Congresso Nacional aprovou a PEC (Proposta de Emenda \u00e0 Constitui\u00e7\u00e3o) n.\u00ba 17, de 2019, que incluiu a prote\u00e7\u00e3o de dados pessoais entre os direitos e garantias fundamentais dos brasileiros previstos na Constitui\u00e7\u00e3o Federal de 1988.<\/p>\n<p>Outro ponto importante \u00e9 que a Autoridade Nacional de Prote\u00e7\u00e3o de Dados (ANPD), \u00f3rg\u00e3o respons\u00e1vel pela fiscaliza\u00e7\u00e3o e pelo cumprimento da LGPD, pautou suas atividades na orienta\u00e7\u00e3o acerca da import\u00e2ncia do tema da prote\u00e7\u00e3o dos dados, uma vez que a LGPD deixou espa\u00e7os para interpreta\u00e7\u00f5es e regulamenta\u00e7\u00f5es a serem realizadas pela referida Autoridade Nacional.<\/p>\n<p>Como \u00f3rg\u00e3o respons\u00e1vel por fiscalizar a aplica\u00e7\u00e3o da legisla\u00e7\u00e3o de prote\u00e7\u00e3o de dados, a ANPD publicou o seu primeiro Guia Orientativo para Defini\u00e7\u00f5es dos Agentes de Tratamento de Dados Pessoais e do Encarregado, cujo objetivo principal \u00e9 definir e esclarecer quem s\u00e3o os agentes de tratamento, quais sejam: controlador e operador; estabelecer as diretrizes necess\u00e1rias para suas atua\u00e7\u00f5es; bem como esclarecer quem \u00e9 o encarregado de dados e a import\u00e2ncia da sua nomea\u00e7\u00e3o.<\/p>\n<p>Em momento posterior, a ANPD tamb\u00e9m divulgou o Guia Orientativo de Seguran\u00e7a da Informa\u00e7\u00e3o para Agentes de Tratamento de Pequeno Porte, com vistas a auxiliar na seguran\u00e7a das informa\u00e7\u00f5es tratadas pelos agentes de tratamento de pequeno porte, quais sejam: o Microempreendor Individual (ME) e o Empres\u00e1rio Individual (EI).<\/p>\n<p>A Autoridade Nacional publicou, ainda, a Resolu\u00e7\u00e3o CD\/ANPD N\u00ba 1, de 28 de outubro de 2021, que regulamenta o Processo de Fiscaliza\u00e7\u00e3o e o Processo Administrativo Sancionador no \u00e2mbito da Autoridade Nacional de Prote\u00e7\u00e3o de Dados, com o objetivo de estabelecer os par\u00e2metros a serem seguidos nas fiscaliza\u00e7\u00f5es, assim como as regras a serem observadas no processo administrativo sancionador.<\/p>\n<p>N\u00e3o obstante a Lei Geral de Prote\u00e7\u00e3o de Dados ser inovadora e recente em nosso ordenamento jur\u00eddico, foi destaque no ano passado, posto que tanto as pessoas jur\u00eddicas, de direito p\u00fablico e privado, bem como as pessoas f\u00edsicas passaram a se interessar pela tem\u00e1tica e melhor compreender os direitos relacionados a prote\u00e7\u00e3o dos seus dados pessoais.<\/p>\n<p>Em 2022, a LGPD promete continuar sendo a bola da vez e, pensando nisso, a Leal Queiroz preparou um post sobre as expectativas da Lei Geral de Prote\u00e7\u00e3o de Dados neste referido ano. Para acompanhar, fiquem atentos em nossa pr\u00f3xima publica\u00e7\u00e3o.<\/p>\n<p>&nbsp;<\/p>\n<p>Texto por:<\/p>\n<p>Lizandra Batista da Silva<\/p>\n<p>Advogada da \u00e1rea de LGPD<\/p>\n<p><a href=\"mailto:lgpd@lealqueiroz.adv.br\">lgpd@lealqueiroz.adv.br<\/a><\/p>\n<p>&nbsp;<\/p>\n<h3>RESTARAM D\u00daVIDAS? ENTRE EM CONTATO CONOSCO<\/h3>\n<p>LEAL QUEIROZ ADVOCACIA CORPORATIVA<br \/>\n(83) 3077-2107<br \/>\n<a href=\"mailto:contato@lealqueiroz.adv.br\">contato@lealqueiroz.adv.br<\/a><\/p>\n","protected":false},"excerpt":{"rendered":"<p>Na semana de prote\u00e7\u00e3o de dados \u00e9 importante relembrar os principais resultados da nova Lei Geral de Prote\u00e7\u00e3o de Dados (Lei n.\u00ba 13.709\/18), ocorridos no Brasil no ano de 2021, vez que suas san\u00e7\u00f5es administrativas entraram em vigor em 01 de agosto no citado ano. \u00c9 importante pontuar que, antes mesmo da entrada em vigor [&hellip;]<\/p>\n","protected":false},"author":7,"featured_media":610,"comment_status":"closed","ping_status":"open","sticky":false,"template":"","format":"standard","meta":{"_acf_changed":false,"footnotes":""},"categories":[3],"tags":[],"class_list":["post-608","post","type-post","status-publish","format-standard","has-post-thumbnail","hentry","category-artigos"],"acf":[],"_links":{"self":[{"href":"https:\/\/lealqueiroz.adv.br\/index.php?rest_route=\/wp\/v2\/posts\/608","targetHints":{"allow":["GET"]}}],"collection":[{"href":"https:\/\/lealqueiroz.adv.br\/index.php?rest_route=\/wp\/v2\/posts"}],"about":[{"href":"https:\/\/lealqueiroz.adv.br\/index.php?rest_route=\/wp\/v2\/types\/post"}],"author":[{"embeddable":true,"href":"https:\/\/lealqueiroz.adv.br\/index.php?rest_route=\/wp\/v2\/users\/7"}],"replies":[{"embeddable":true,"href":"https:\/\/lealqueiroz.adv.br\/index.php?rest_route=%2Fwp%2Fv2%2Fcomments&post=608"}],"version-history":[{"count":4,"href":"https:\/\/lealqueiroz.adv.br\/index.php?rest_route=\/wp\/v2\/posts\/608\/revisions"}],"predecessor-version":[{"id":615,"href":"https:\/\/lealqueiroz.adv.br\/index.php?rest_route=\/wp\/v2\/posts\/608\/revisions\/615"}],"wp:featuredmedia":[{"embeddable":true,"href":"https:\/\/lealqueiroz.adv.br\/index.php?rest_route=\/wp\/v2\/media\/610"}],"wp:attachment":[{"href":"https:\/\/lealqueiroz.adv.br\/index.php?rest_route=%2Fwp%2Fv2%2Fmedia&parent=608"}],"wp:term":[{"taxonomy":"category","embeddable":true,"href":"https:\/\/lealqueiroz.adv.br\/index.php?rest_route=%2Fwp%2Fv2%2Fcategories&post=608"},{"taxonomy":"post_tag","embeddable":true,"href":"https:\/\/lealqueiroz.adv.br\/index.php?rest_route=%2Fwp%2Fv2%2Ftags&post=608"}],"curies":[{"name":"wp","href":"https:\/\/api.w.org\/{rel}","templated":true}]}}