{"id":602,"date":"2022-02-02T09:25:37","date_gmt":"2022-02-02T12:25:37","guid":{"rendered":"https:\/\/lealqueiroz.adv.br\/?p=602"},"modified":"2023-10-25T00:27:40","modified_gmt":"2023-10-25T03:27:40","slug":"ministro-do-stj-afasta-incidencia-de-contribuicao-previdenciaria-sobre-hra","status":"publish","type":"post","link":"https:\/\/lealqueiroz.adv.br\/?p=602","title":{"rendered":"Ministro do STJ afasta incid\u00eancia de contribui\u00e7\u00e3o previdenci\u00e1ria sobre HRA"},"content":{"rendered":"<p><span style=\"font-weight: 400;\">A reforma trabalhista, resultante da Lei 13.467, que entrou em vigor em 2017, trouxe diversas mudan\u00e7as. Entre as altera\u00e7\u00f5es, a Lei prop\u00f5e que a n\u00e3o concess\u00e3o ou a concess\u00e3o parcial do intervalo intrajornada m\u00ednimo para repouso e alimenta\u00e7\u00e3o, requer o pagamento apenas do per\u00edodo suprimido, com acr\u00e9scimo de 50% sobre o valor da remunera\u00e7\u00e3o da hora normal de trabalho. Por\u00e9m, esse acr\u00e9scimo tem natureza indenizat\u00f3ria.<\/span><\/p>\n<p>&nbsp;<\/p>\n<p><span style=\"font-weight: 400;\">Com esse entendimento, o ministro Herman Benjamin, do Superior Tribunal de Justi\u00e7a, deu \u00e0 uma empresa a isen\u00e7\u00e3o do recolhimento da contribui\u00e7\u00e3o previdenci\u00e1ria patronal sobre a hora repouso alimenta\u00e7\u00e3o (HRA). Isso porque s\u00f3 deveria haver o recolhimento tribut\u00e1rio, caso a verba paga ao empregado fosse de natureza remunerat\u00f3ria.<\/span><\/p>\n<p>&nbsp;<\/p>\n<p><span style=\"font-weight: 400;\">A HRA \u00e9 uma verba paga ao trabalhador que fica dispon\u00edvel no local de trabalho durante o seu intervalo de repouso e alimenta\u00e7\u00e3o. A empresa recorria de um ac\u00f3rd\u00e3o do Tribunal Regional Federal da 3\u00aa Regi\u00e3o, que havia inclu\u00eddo a HRA na base de c\u00e1lculo das contribui\u00e7\u00f5es previdenci\u00e1rias.<\/span><\/p>\n<p>&nbsp;<\/p>\n<p><span style=\"font-weight: 400;\">Essa \u00e9 uma das primeiras decis\u00f5es da corte que, nesse quesito, favorece o contribuinte. O entendimento foi que em casos assim deve haver tributa\u00e7\u00e3o (<\/span><a href=\"https:\/\/www.conjur.com.br\/2020-jun-17\/contribuicao-patronal-incide-hora-repouso-anterior-reforma\"><span style=\"font-weight: 400;\">EREsp 1.619.117\/BA<\/span><\/a><span style=\"font-weight: 400;\">), mas esse julgado se refere a um caso anterior \u00e0 reforma trabalhista. A 1\u00aa Se\u00e7\u00e3o, que uniformiza o entendimento que deve ser aplicado pelas demais turmas, havia decidido que, em casos assim, deve haver tributa\u00e7\u00e3o (<\/span><a href=\"https:\/\/www.conjur.com.br\/2020-jun-17\/contribuicao-patronal-incide-hora-repouso-anterior-reforma\"><span style=\"font-weight: 400;\">EREsp 1.619.117\/BA<\/span><\/a><span style=\"font-weight: 400;\">). Mas isso se referia a caso anterior \u00e0 reforma trabalhista, quando a lei ainda n\u00e3o previa a natureza indenizat\u00f3ria dessa remunera\u00e7\u00e3o.<\/span><\/p>\n<p>&nbsp;<\/p>\n<p>Fonte: <a href=\"https:\/\/www.conjur.com.br\/2022-jan-19\/ministro-stj-afasta-incidencia-contribuicao-previdenciaria-hra\">ConJur<\/a><\/p>\n<p>&nbsp;<\/p>\n<h4>RESTARAM D\u00daVIDAS? ENTRE EM CONTATO CONOSCO<\/h4>\n<p>LEAL QUEIROZ ADVOCACIA CORPORATIVA<br \/>\n(83) 3077-2107<br \/>\n<a href=\"mailto:contato@lealqueiroz.adv.br\">contato@lealqueiroz.adv.br<\/a><\/p>\n","protected":false},"excerpt":{"rendered":"<p>A reforma trabalhista, resultante da Lei 13.467, que entrou em vigor em 2017, trouxe diversas mudan\u00e7as. Entre as altera\u00e7\u00f5es, a Lei prop\u00f5e que a n\u00e3o concess\u00e3o ou a concess\u00e3o parcial do intervalo intrajornada m\u00ednimo para repouso e alimenta\u00e7\u00e3o, requer o pagamento apenas do per\u00edodo suprimido, com acr\u00e9scimo de 50% sobre o valor da remunera\u00e7\u00e3o da [&hellip;]<\/p>\n","protected":false},"author":7,"featured_media":604,"comment_status":"closed","ping_status":"open","sticky":false,"template":"","format":"standard","meta":{"_acf_changed":false,"footnotes":""},"categories":[4],"tags":[],"class_list":["post-602","post","type-post","status-publish","format-standard","has-post-thumbnail","hentry","category-noticias"],"acf":[],"_links":{"self":[{"href":"https:\/\/lealqueiroz.adv.br\/index.php?rest_route=\/wp\/v2\/posts\/602","targetHints":{"allow":["GET"]}}],"collection":[{"href":"https:\/\/lealqueiroz.adv.br\/index.php?rest_route=\/wp\/v2\/posts"}],"about":[{"href":"https:\/\/lealqueiroz.adv.br\/index.php?rest_route=\/wp\/v2\/types\/post"}],"author":[{"embeddable":true,"href":"https:\/\/lealqueiroz.adv.br\/index.php?rest_route=\/wp\/v2\/users\/7"}],"replies":[{"embeddable":true,"href":"https:\/\/lealqueiroz.adv.br\/index.php?rest_route=%2Fwp%2Fv2%2Fcomments&post=602"}],"version-history":[{"count":2,"href":"https:\/\/lealqueiroz.adv.br\/index.php?rest_route=\/wp\/v2\/posts\/602\/revisions"}],"predecessor-version":[{"id":607,"href":"https:\/\/lealqueiroz.adv.br\/index.php?rest_route=\/wp\/v2\/posts\/602\/revisions\/607"}],"wp:featuredmedia":[{"embeddable":true,"href":"https:\/\/lealqueiroz.adv.br\/index.php?rest_route=\/wp\/v2\/media\/604"}],"wp:attachment":[{"href":"https:\/\/lealqueiroz.adv.br\/index.php?rest_route=%2Fwp%2Fv2%2Fmedia&parent=602"}],"wp:term":[{"taxonomy":"category","embeddable":true,"href":"https:\/\/lealqueiroz.adv.br\/index.php?rest_route=%2Fwp%2Fv2%2Fcategories&post=602"},{"taxonomy":"post_tag","embeddable":true,"href":"https:\/\/lealqueiroz.adv.br\/index.php?rest_route=%2Fwp%2Fv2%2Ftags&post=602"}],"curies":[{"name":"wp","href":"https:\/\/api.w.org\/{rel}","templated":true}]}}