{"id":568,"date":"2022-01-17T13:25:24","date_gmt":"2022-01-17T16:25:24","guid":{"rendered":"https:\/\/lealqueiroz.adv.br\/?p=568"},"modified":"2023-10-25T00:27:05","modified_gmt":"2023-10-25T03:27:05","slug":"portaria-pgfn-me-n-o-214-de-10-de-janeiro-de-2022%c2%b9","status":"publish","type":"post","link":"https:\/\/lealqueiroz.adv.br\/?p=568","title":{"rendered":"PORTARIA PGFN \/ME N.\u00ba 214, DE 10 DE JANEIRO DE 2022\u00b9"},"content":{"rendered":"<p>A portaria PGFN n.\u00ba 214\/2022, institui o Programa de Regulariza\u00e7\u00e3o Fiscal de d\u00e9bitos do Regime<br \/>\nEspecial Unificado de Arrecada\u00e7\u00e3o de Tributos e Contribui\u00e7\u00f5es devidos pelas Microempresas e<br \/>\nEmpresas de Pequeno Porte (Simples Nacional), inscritos em d\u00edvida ativa da Uni\u00e3o.<\/p>\n<p>&nbsp;<\/p>\n<h4><strong>Quais as a\u00e7\u00f5es adotadas pela Procuradoria-Geral da Fazenda Nacional (PGFN) para facilitar<\/strong><br \/>\n<strong>a negocia\u00e7\u00e3o e quita\u00e7\u00e3o de d\u00e9bitos junto ao Simples Nacional?<\/strong><\/h4>\n<p>&nbsp;<\/p>\n<p>A PGFN lan\u00e7ou o Programa de Regulariza\u00e7\u00e3o do Simples Nacional (Portaria PGFN\/ME n\u00ba<br \/>\n214\/2022) e, de forma complementar, estabeleceu regras para ades\u00e3o \u00e0 transa\u00e7\u00e3o no contencioso<br \/>\ntribut\u00e1rio de pequeno valor para os d\u00e9bitos inscritos em d\u00edvida ativa (Edital n\u00ba 1\/2022).<\/p>\n<p>&nbsp;<\/p>\n<h4><strong>O que \u00e9 o Programa de Regulariza\u00e7\u00e3o do Simples Nacional?<\/strong><\/h4>\n<p>&nbsp;<\/p>\n<p>O Programa de Regulariza\u00e7\u00e3o do Simples Nacional permite a microempreendedores individuais<br \/>\n(MEI), microempresas (ME) e empresas de pequeno porte (EPP) optantes do Simples Nacional, que<br \/>\nforam afetadas pela pandemia, melhores condi\u00e7\u00f5es de desconto e parcelamento, como entrada de 1%<br \/>\ndo valor total do d\u00e9bito, dividido em at\u00e9 8 (oito) meses.<br \/>\nO saldo remanescente poder\u00e1 ser parcelado em at\u00e9 137 meses, com desconto de at\u00e9 100% de juros,<br \/>\ndas multas e dos encargos legais, calculados a partir da capacidade de pagamento de cada empresa.<br \/>\nEsse desconto deve observar o limite de 70% do valor total do d\u00e9bito.<\/p>\n<p>&nbsp;<\/p>\n<h4>Qual o valor da parcela m\u00ednima?<\/h4>\n<p>&nbsp;<\/p>\n<p>A parcela m\u00ednima \u00e9 de R$100,00 (cem reais) ou de R$ 25,00 (vinte e cinco reais), no caso dos<br \/>\nmicroempreendedores individuais.<\/p>\n<p>&nbsp;<\/p>\n<h4>Quais os benef\u00edcios para o Microempreendedor Individual (MEI), as Microempresas (ME) e<br \/>\nas Empresas de Pequeno Porte (EPP), optantes pelo Simples Nacional, nesse novo<br \/>\nmecanismo de renegocia\u00e7\u00e3o de d\u00edvidas?<\/h4>\n<p>&nbsp;<\/p>\n<p>As duas medidas permitem aos empres\u00e1rios optantes pelo Simples Nacional e microempreendedores<br \/>\nindividuais regularizarem suas d\u00edvidas com entrada de 1% do valor. S\u00e3o oferecidas condi\u00e7\u00f5es facilitadas para o pagamento dos d\u00e9bitos, com redu\u00e7\u00e3o de juros e multas, al\u00e9m de prazos estendidos para a quita\u00e7\u00e3o das d\u00edvidas.<\/p>\n<p>&nbsp;<\/p>\n<h4>Qual o prazo para ades\u00e3o?<\/h4>\n<p>&nbsp;<\/p>\n<p>O prazo de ades\u00e3o estar\u00e1 aberto at\u00e9 \u00e0s 19 horas do dia 31 de mar\u00e7o de 2022.<\/p>\n<p>&nbsp;<\/p>\n<h4>Quais os principais benef\u00edcios do Programa de Regulariza\u00e7\u00e3o do Simples Nacional?<\/h4>\n<p>&nbsp;<\/p>\n<p>Entrada de 1% do valor total do d\u00e9bito, podendo este percentual ser dividido em at\u00e9 oito meses.<br \/>\nO saldo remanescente da d\u00edvida poder\u00e1 ser pago em at\u00e9 137 parcelas mensais, com redu\u00e7\u00e3o de at\u00e9<br \/>\n100% dos juros, multas e encargos.<\/p>\n<p>Os descontos, por\u00e9m, ser\u00e3o graduados conforme a capacidade de pagamento do contribuinte,<br \/>\nconsiderando, inclusive, os impactos gerados pela pandemia do novo coronav\u00edrus.<\/p>\n<p>&nbsp;<\/p>\n<h4>Como aderir?<\/h4>\n<p>&nbsp;<\/p>\n<p>O processo para negociar \u00e9 100% digital, no portal REGULARIZE.<\/p>\n<p>&nbsp;<\/p>\n<p>Texto por:<\/p>\n<p>Kamila Santos<\/p>\n<p>Advogada Tributarista<\/p>\n<p>&nbsp;<\/p>\n<h4>RESTARAM D\u00daVIDAS? ENTRE EM CONTATO CONOSCO<\/h4>\n<p>LEAL QUEIROZ ADVOCACIA CORPORATIVA<br \/>\n(83) 3077-2107<br \/>\n<a href=\"mailto:contato@lealqueiroz.adv.br\">contato@lealqueiroz.adv.br<\/a><\/p>\n","protected":false},"excerpt":{"rendered":"<p>A portaria PGFN n.\u00ba 214\/2022, institui o Programa de Regulariza\u00e7\u00e3o Fiscal de d\u00e9bitos do Regime Especial Unificado de Arrecada\u00e7\u00e3o de Tributos e Contribui\u00e7\u00f5es devidos pelas Microempresas e Empresas de Pequeno Porte (Simples Nacional), inscritos em d\u00edvida ativa da Uni\u00e3o. &nbsp; Quais as a\u00e7\u00f5es adotadas pela Procuradoria-Geral da Fazenda Nacional (PGFN) para facilitar a negocia\u00e7\u00e3o e [&hellip;]<\/p>\n","protected":false},"author":7,"featured_media":573,"comment_status":"closed","ping_status":"open","sticky":false,"template":"","format":"standard","meta":{"_acf_changed":false,"footnotes":""},"categories":[3],"tags":[],"class_list":["post-568","post","type-post","status-publish","format-standard","has-post-thumbnail","hentry","category-artigos"],"acf":[],"_links":{"self":[{"href":"https:\/\/lealqueiroz.adv.br\/index.php?rest_route=\/wp\/v2\/posts\/568","targetHints":{"allow":["GET"]}}],"collection":[{"href":"https:\/\/lealqueiroz.adv.br\/index.php?rest_route=\/wp\/v2\/posts"}],"about":[{"href":"https:\/\/lealqueiroz.adv.br\/index.php?rest_route=\/wp\/v2\/types\/post"}],"author":[{"embeddable":true,"href":"https:\/\/lealqueiroz.adv.br\/index.php?rest_route=\/wp\/v2\/users\/7"}],"replies":[{"embeddable":true,"href":"https:\/\/lealqueiroz.adv.br\/index.php?rest_route=%2Fwp%2Fv2%2Fcomments&post=568"}],"version-history":[{"count":5,"href":"https:\/\/lealqueiroz.adv.br\/index.php?rest_route=\/wp\/v2\/posts\/568\/revisions"}],"predecessor-version":[{"id":579,"href":"https:\/\/lealqueiroz.adv.br\/index.php?rest_route=\/wp\/v2\/posts\/568\/revisions\/579"}],"wp:featuredmedia":[{"embeddable":true,"href":"https:\/\/lealqueiroz.adv.br\/index.php?rest_route=\/wp\/v2\/media\/573"}],"wp:attachment":[{"href":"https:\/\/lealqueiroz.adv.br\/index.php?rest_route=%2Fwp%2Fv2%2Fmedia&parent=568"}],"wp:term":[{"taxonomy":"category","embeddable":true,"href":"https:\/\/lealqueiroz.adv.br\/index.php?rest_route=%2Fwp%2Fv2%2Fcategories&post=568"},{"taxonomy":"post_tag","embeddable":true,"href":"https:\/\/lealqueiroz.adv.br\/index.php?rest_route=%2Fwp%2Fv2%2Ftags&post=568"}],"curies":[{"name":"wp","href":"https:\/\/api.w.org\/{rel}","templated":true}]}}