{"id":547,"date":"2022-01-14T11:00:55","date_gmt":"2022-01-14T14:00:55","guid":{"rendered":"https:\/\/lealqueiroz.adv.br\/?p=547"},"modified":"2023-10-25T00:27:01","modified_gmt":"2023-10-25T03:27:01","slug":"tribunal-mantem-multa-de-r-8-milhoes-aplicada-pelo-procon-a-empresa-de-telecomunicacoes","status":"publish","type":"post","link":"https:\/\/lealqueiroz.adv.br\/?p=547","title":{"rendered":"Tribunal mant\u00e9m multa de R$ 8 milh\u00f5es aplicada pelo Procon \u00e0 empresa de telecomunica\u00e7\u00f5es"},"content":{"rendered":"<p>O Tribunal de Justi\u00e7a de S\u00e3o Paulo manteve decis\u00e3o da 16\u00aa Vara da Fazenda P\u00fablica, que validou as penalidades aplicadas pelo PROCON\/SP a uma empresa de telecomunica\u00e7\u00f5es. Entre as puni\u00e7\u00f5es deferidas, est\u00e1 o pagamento de multa no valor de R$8 milh\u00f5es.<\/p>\n<p>&nbsp;<\/p>\n<p>De acordo com o processo, o PROCON\/SP reuniu reclama\u00e7\u00f5es de consumidores de diversos munic\u00edpios do Estado a exemplo de Guarulhos, Ourinhos, Bragan\u00e7a Paulista e S\u00e3o Paulo. A empresa teria violado o C\u00f3digo do Consumidor com a pr\u00e1tica de infra\u00e7\u00f5es como cl\u00e1usulas abusivas em contratos; dilig\u00eancias comerciais desleais; falhas de telefonia m\u00f3vel e v\u00edcios de qualidade nos servi\u00e7os oferecidos.<\/p>\n<p>&nbsp;<\/p>\n<p>Segundo o Desembargador Camargo Pereira, relator do recurso, o Poder Judici\u00e1rio n\u00e3o \u00e9 inst\u00e2ncia revisora de decis\u00f5es proferidas em procedimento administrativo, mas tem a fun\u00e7\u00e3o de verificar a exist\u00eancia de algum v\u00edcio que cause a anula\u00e7\u00e3o ou modifica\u00e7\u00e3o do ato administrativo.<\/p>\n<p>&nbsp;<\/p>\n<p>Ap\u00f3s an\u00e1lise do caso, o Magistrado afirmou \u201cn\u00e3o verificar qualquer ilegalidade no auto, tendo em vista que foi constatada pelo Procon, em regular procedimento administrativo, com observ\u00e2ncia do contradit\u00f3rio e ampla defesa, a pr\u00e1tica, pela apelante, de infra\u00e7\u00e3o \u00e0 legisla\u00e7\u00e3o consumerista, sujeita \u00e0 multa, que foi aplicada a ela de forma motivada e proporcional, pela autoridade competente\u201d.<\/p>\n<p>&nbsp;<\/p>\n<p>Ele ainda ressaltou que o objetivo da penalidade \u00e9 desestimular o infrator quanto \u00e0 disponibiliza\u00e7\u00e3o de servi\u00e7os inadequados, \u201cpr\u00e1tica esta vedada pela legisla\u00e7\u00e3o de prote\u00e7\u00e3o ao consumidor, de modo que o seu conte\u00fado econ\u00f4mico n\u00e3o deve conter efeito confiscat\u00f3rio ou, tampouco, transparecer iniquidade ao causador do dano, em prest\u00edgio ao escopo de inibir a prolifera\u00e7\u00e3o da conduta ileg\u00edtima. Assim, n\u00e3o h\u00e1 qualquer ilegalidade na imposi\u00e7\u00e3o das penalidades pelo Procon \u00e0 apelante, devendo ser mantidos os autos de infra\u00e7\u00e3o ora impugnados\u201d, concluiu.<\/p>\n<p>&nbsp;<\/p>\n<p>Fonte: Tribunal de Justi\u00e7a de S\u00e3o Paulo<\/p>\n<p>&nbsp;<\/p>\n","protected":false},"excerpt":{"rendered":"<p>O Tribunal de Justi\u00e7a de S\u00e3o Paulo manteve decis\u00e3o da 16\u00aa Vara da Fazenda P\u00fablica, que validou as penalidades aplicadas pelo PROCON\/SP a uma empresa de telecomunica\u00e7\u00f5es. Entre as puni\u00e7\u00f5es deferidas, est\u00e1 o pagamento de multa no valor de R$8 milh\u00f5es. &nbsp; De acordo com o processo, o PROCON\/SP reuniu reclama\u00e7\u00f5es de consumidores de diversos [&hellip;]<\/p>\n","protected":false},"author":7,"featured_media":563,"comment_status":"open","ping_status":"open","sticky":false,"template":"","format":"standard","meta":{"_acf_changed":false,"footnotes":""},"categories":[4],"tags":[],"class_list":["post-547","post","type-post","status-publish","format-standard","has-post-thumbnail","hentry","category-noticias"],"acf":[],"_links":{"self":[{"href":"https:\/\/lealqueiroz.adv.br\/index.php?rest_route=\/wp\/v2\/posts\/547","targetHints":{"allow":["GET"]}}],"collection":[{"href":"https:\/\/lealqueiroz.adv.br\/index.php?rest_route=\/wp\/v2\/posts"}],"about":[{"href":"https:\/\/lealqueiroz.adv.br\/index.php?rest_route=\/wp\/v2\/types\/post"}],"author":[{"embeddable":true,"href":"https:\/\/lealqueiroz.adv.br\/index.php?rest_route=\/wp\/v2\/users\/7"}],"replies":[{"embeddable":true,"href":"https:\/\/lealqueiroz.adv.br\/index.php?rest_route=%2Fwp%2Fv2%2Fcomments&post=547"}],"version-history":[{"count":2,"href":"https:\/\/lealqueiroz.adv.br\/index.php?rest_route=\/wp\/v2\/posts\/547\/revisions"}],"predecessor-version":[{"id":564,"href":"https:\/\/lealqueiroz.adv.br\/index.php?rest_route=\/wp\/v2\/posts\/547\/revisions\/564"}],"wp:featuredmedia":[{"embeddable":true,"href":"https:\/\/lealqueiroz.adv.br\/index.php?rest_route=\/wp\/v2\/media\/563"}],"wp:attachment":[{"href":"https:\/\/lealqueiroz.adv.br\/index.php?rest_route=%2Fwp%2Fv2%2Fmedia&parent=547"}],"wp:term":[{"taxonomy":"category","embeddable":true,"href":"https:\/\/lealqueiroz.adv.br\/index.php?rest_route=%2Fwp%2Fv2%2Fcategories&post=547"},{"taxonomy":"post_tag","embeddable":true,"href":"https:\/\/lealqueiroz.adv.br\/index.php?rest_route=%2Fwp%2Fv2%2Ftags&post=547"}],"curies":[{"name":"wp","href":"https:\/\/api.w.org\/{rel}","templated":true}]}}