{"id":516,"date":"2022-01-03T09:23:03","date_gmt":"2022-01-03T12:23:03","guid":{"rendered":"https:\/\/lealqueiroz.adv.br\/?p=516"},"modified":"2023-10-25T00:26:47","modified_gmt":"2023-10-25T03:26:47","slug":"justica-condena-instituicao-de-ensino-por-descumprir-os-termos-da-lgpd","status":"publish","type":"post","link":"https:\/\/lealqueiroz.adv.br\/?p=516","title":{"rendered":"Justi\u00e7a condena institui\u00e7\u00e3o de ensino por descumprir os termos da LGPD"},"content":{"rendered":"<h3>1. QUAIS OS FATOS NARRADOS NA INICIAL?<\/h3>\n<p>&nbsp;<\/p>\n<p>O autor da A\u00e7\u00e3o de Responsabilidade Civil que originou o processo n.\u00ba 9002346-47.2021.8.21.0008, alega que entrou no website do Instituto de Educa\u00e7\u00e3o S\u00e9culo XXI LTDA, por meio de <em>link<\/em> disponibilizado no <em>Facebook<\/em>, com o intuito de analisar os cursos e as p\u00f3s-gradua\u00e7\u00f5es<br \/>\noferecidos pelo Instituto em seu s\u00edtio eletr\u00f4nico.<\/p>\n<p>Ocorre que a partir deste momento o autor alega que passou a receber por parte do Instituto e dos seus parceiros comerciais, diversas liga\u00e7\u00f5es, mensagens de SMS, contatos por meio do <em>WhatsApp<\/em> e e-mails, os quais lhe ofereciam, insistentemente, a compra de cursos de p\u00f3s-gradua\u00e7\u00e3o.<\/p>\n<p>Em raz\u00e3o disso, o autor requereu que o Instituto, e seus respectivos parceiros, fossem coibidos de enviar mensagens e ligar para o seu n\u00famero, bem como a indeniza\u00e7\u00e3o por danos morais.<\/p>\n<p>&nbsp;<\/p>\n<h3>2. O QUE CONSIDEROU O JU\u00cdZO NO CASO EM QUEST\u00c3O?<\/h3>\n<p>&nbsp;<\/p>\n<p>No caso em an\u00e1lise, o referido Ju\u00edzo condenou o Instituto ao pagamento de R$6 mil reais a t\u00edtulo de danos morais, haja vista que este n\u00e3o comprovou que solicitou e recebeu o <strong>consentimento do autor para tratamento dos seus dados pessoais<\/strong>, isto \u00e9, para armazenar os dados deste, compartilh\u00e1-los com parceiros comerciais e enviar mensagens e liga\u00e7\u00f5es com ofertas referentes aos cursos de p\u00f3s-gradua\u00e7\u00e3o.<\/p>\n<p>A condena\u00e7\u00e3o tamb\u00e9m foi fundamentada no fato de que o Instituto tamb\u00e9m n\u00e3o possu\u00eda <strong>canal exclusivo e espec\u00edfico<\/strong> para resolver quest\u00f5es atinentes ao tratamento dos dados pessoais, o que implicou na impossibilidade do autor em solicitar informa\u00e7\u00f5es sobre a exclus\u00e3o dos seus dados.<\/p>\n<p>Desse modo, o Ju\u00edzo considerou que houve expl\u00edcita afronta a finalidade, adequa\u00e7\u00e3o, livre acesso e transpar\u00eancia no tratamento dos dados pessoais (todos elencados no artigo 6\u00ba, incisos I, II, IV e VI da LGPD) e, portanto, contrariou os ditames da respectiva Lei Geral de Prote\u00e7\u00e3o de Dados Pessoais.<\/p>\n<p>&nbsp;<\/p>\n<h3>3. NESTE CASO, O QUE DEVERIA TER FEITO O INSTITUTO PARA SE<br \/>\nPREVENIR DA REFERIDA PENALIDADE?<\/h3>\n<p>&nbsp;<\/p>\n<p>Inicialmente o Instituto deveria disponibilizar por meio do seu website, Pol\u00edtica de Privacidade e Termos e Condi\u00e7\u00f5es de Uso adequados \u00e0 Lei Geral de Prote\u00e7\u00e3o de Dados, com disposi\u00e7\u00f5es sobre o consentimento do Titular para coleta, utiliza\u00e7\u00e3o e compartilhamento dos seus dados pessoais.<\/p>\n<p>Deveria, tamb\u00e9m, disponibilizar ao Titular canal de comunica\u00e7\u00e3o exclusivo para tratar quest\u00f5es relativas ao tratamento de dados pessoais, cujo atendimento seja realizado no prazo estabelecido pela LGPD, qual seja: quinze dias \u00fateis.<\/p>\n<p>Por \u00faltimo, garantir que os dados pessoais, objetos da exclus\u00e3o, fossem eliminados do seu banco de dados de maneira que as mensagens e liga\u00e7\u00f5es fossem interrompidas definitivamente.<\/p>\n<p>\u00c9 importante evidenciar, no entanto, que estas medidas seriam eficazes para prevenir o Instituto apenas neste caso espec\u00edfico, isto porque para sua adequa\u00e7\u00e3o \u00e0 LGPD, com vistas a preveni-lo dessas e outras penalidades, as demais etapas de adequa\u00e7\u00e3o \u00e0 legisla\u00e7\u00e3o de prote\u00e7\u00e3o de dados deveriam ser<br \/>\nobservadas.<\/p>\n<p>&nbsp;<\/p>\n<h3>4. DE MODO GERAL, QUAIS AS CONSEQU\u00caNCIAS PARA A SUA EMPRESA<br \/>\nCASO N\u00c3O SE ADEQUE \u00c0 LGPD?<\/h3>\n<p>&nbsp;<\/p>\n<p>Conforme foi mencionado acima, no \u00e2mbito empresarial, aquele que n\u00e3o comprovar a sua adequa\u00e7\u00e3o aos termos da LGPD estar\u00e1 exposto \u00e0s penalidades, tamb\u00e9m financeiras, em decorr\u00eancia do n\u00e3o cumprimento dos termos da referida legisla\u00e7\u00e3o.<\/p>\n<p>Essas penalidades poder\u00e3o decorrer de decis\u00e3o judicial desfavor\u00e1vel, conforme o caso em ep\u00edgrafe, como tamb\u00e9m por meio de autua\u00e7\u00f5es realizadas por \u00f3rg\u00e3os de fiscaliza\u00e7\u00f5es, a exemplo da Procuradoria de Prote\u00e7\u00e3o e Defesa do Consumidor (PROCON) e da Autoridade Nacional de<br \/>\nProte\u00e7\u00e3o de Dados (ANPD).<\/p>\n<p>\u00c9 importante ressaltar que o valor indenizat\u00f3rio, ora exposto, \u00e9 considerado baixo quando comparado as san\u00e7\u00f5es administrativas previstas na LGPD, as quais podem, inclusive, alcan\u00e7ar 2% do faturamento da empresa, limitada a 50 milh\u00f5es de reais, por infra\u00e7\u00e3o.<\/p>\n<p>Diante o exposto, \u00e9 importante que a empresa se adeque \u00e0 LGPD para que traga seguran\u00e7a no que diz respeito ao tratamento e prote\u00e7\u00e3o dos dados pessoais dos seus clientes, parceiros comerciais e empregados.<\/p>\n<h4><\/h4>\n<p style=\"text-align: left;\">Texto por:<\/p>\n<p style=\"text-align: left;\">Lizandra Batista da Silva<\/p>\n<p><span style=\"font-weight: 400;\">Advogada \u00e1rea de LGPD<\/span><\/p>\n<p style=\"text-align: left;\"><a href=\"mailto:lgpd@lealqueiroz.adv.br\">lgpd@lealqueiroz.adv.br<\/a><\/p>\n<h3><\/h3>\n<h3>RESTARAM D\u00daVIDAS? ENTRE EM CONTATO CONOSCO<\/h3>\n<p>LEAL QUEIROZ ADVOCACIA CORPORATIVA<br \/>\n(83) 3077-2107<br \/>\n<a href=\"mailto:contato@lealqueiroz.adv.br\">contato@lealqueiroz.adv.br<\/a><\/p>\n","protected":false},"excerpt":{"rendered":"<p>1. QUAIS OS FATOS NARRADOS NA INICIAL? &nbsp; O autor da A\u00e7\u00e3o de Responsabilidade Civil que originou o processo n.\u00ba 9002346-47.2021.8.21.0008, alega que entrou no website do Instituto de Educa\u00e7\u00e3o S\u00e9culo XXI LTDA, por meio de link disponibilizado no Facebook, com o intuito de analisar os cursos e as p\u00f3s-gradua\u00e7\u00f5es oferecidos pelo Instituto em seu [&hellip;]<\/p>\n","protected":false},"author":7,"featured_media":527,"comment_status":"open","ping_status":"open","sticky":false,"template":"","format":"standard","meta":{"_acf_changed":false,"footnotes":""},"categories":[4],"tags":[],"class_list":["post-516","post","type-post","status-publish","format-standard","has-post-thumbnail","hentry","category-noticias"],"acf":[],"_links":{"self":[{"href":"https:\/\/lealqueiroz.adv.br\/index.php?rest_route=\/wp\/v2\/posts\/516","targetHints":{"allow":["GET"]}}],"collection":[{"href":"https:\/\/lealqueiroz.adv.br\/index.php?rest_route=\/wp\/v2\/posts"}],"about":[{"href":"https:\/\/lealqueiroz.adv.br\/index.php?rest_route=\/wp\/v2\/types\/post"}],"author":[{"embeddable":true,"href":"https:\/\/lealqueiroz.adv.br\/index.php?rest_route=\/wp\/v2\/users\/7"}],"replies":[{"embeddable":true,"href":"https:\/\/lealqueiroz.adv.br\/index.php?rest_route=%2Fwp%2Fv2%2Fcomments&post=516"}],"version-history":[{"count":5,"href":"https:\/\/lealqueiroz.adv.br\/index.php?rest_route=\/wp\/v2\/posts\/516\/revisions"}],"predecessor-version":[{"id":542,"href":"https:\/\/lealqueiroz.adv.br\/index.php?rest_route=\/wp\/v2\/posts\/516\/revisions\/542"}],"wp:featuredmedia":[{"embeddable":true,"href":"https:\/\/lealqueiroz.adv.br\/index.php?rest_route=\/wp\/v2\/media\/527"}],"wp:attachment":[{"href":"https:\/\/lealqueiroz.adv.br\/index.php?rest_route=%2Fwp%2Fv2%2Fmedia&parent=516"}],"wp:term":[{"taxonomy":"category","embeddable":true,"href":"https:\/\/lealqueiroz.adv.br\/index.php?rest_route=%2Fwp%2Fv2%2Fcategories&post=516"},{"taxonomy":"post_tag","embeddable":true,"href":"https:\/\/lealqueiroz.adv.br\/index.php?rest_route=%2Fwp%2Fv2%2Ftags&post=516"}],"curies":[{"name":"wp","href":"https:\/\/api.w.org\/{rel}","templated":true}]}}