{"id":500,"date":"2021-12-29T11:11:20","date_gmt":"2021-12-29T14:11:20","guid":{"rendered":"https:\/\/lealqueiroz.adv.br\/?p=500"},"modified":"2023-10-25T00:26:36","modified_gmt":"2023-10-25T03:26:36","slug":"justica-do-trabalho-obriga-cooperativa-a-se-adequar-a-lgpd-em-ate-90-dias-sob-pena-de-multa-diaria-de-r1-mil","status":"publish","type":"post","link":"https:\/\/lealqueiroz.adv.br\/?p=500","title":{"rendered":"Justi\u00e7a do Trabalho obriga cooperativa a se adequar \u00e0 LGPD, em at\u00e9 90 dias, sob pena de multa di\u00e1ria de R$1 mil"},"content":{"rendered":"<h3>1. QUAIS OS FATOS NARRADOS NA INICIAL?<\/h3>\n<p>&nbsp;<\/p>\n<p>O Sindicato do Trabalho das Ind\u00fastrias de Alimenta\u00e7\u00e3o de Montenegro, autor da reclama\u00e7\u00e3o trabalhista que originou o processo n.\u00ba 0020017 82.2021.5.04.0261, alega o descumprimento \u00e0 Lei Geral de Prote\u00e7\u00e3o de Dados Pessoais (LGPD) por parte da Cooperativa dos Citricultores Ecol\u00f3gicos do Vale do CAI LTDA.<\/p>\n<p>A alega\u00e7\u00e3o se baseia no fato de a Cooperativa n\u00e3o ter se adequado aos termos da LGPD, especificamente quanto \u00e0 falta de nomea\u00e7\u00e3o do DPO (Encarregado de dados pessoais), o n\u00e3o fornecimento de treinamento sobre o tratamento dos dados, al\u00e9m do compartilhamento dos dados de seus colaboradores com terceiros diversos, sem observar \u00e0 legisla\u00e7\u00e3o de prote\u00e7\u00e3o de dados.<\/p>\n<p>&nbsp;<\/p>\n<h3>2. O QUE CONSIDEROU O JU\u00cdZO NO CASO EM QUEST\u00c3O?<\/h3>\n<p>&nbsp;<\/p>\n<p>No caso em ep\u00edgrafe, o Ju\u00edzo considerou que a Cooperativa n\u00e3o demonstrou, por nenhum meio, a implementa\u00e7\u00e3o de um \u00fanico dispositivo da Lei Geral de Prote\u00e7\u00e3o de Dados, raz\u00e3o pela qual determinou a sua implementa\u00e7\u00e3o \u00e0 LGPD, especialmente no que se refere a nomea\u00e7\u00e3o do DPO, bem como a comprova\u00e7\u00e3o da referida implementa\u00e7\u00e3o nos autos do processo, sob pena de multa di\u00e1ria de R$ 1 (um) mil.<\/p>\n<p>&nbsp;<\/p>\n<h3>3. NESTE CASO, O QUE DEVERIA TER FEITO A EMPRESA PARA SE<br \/>\nPREVENIR DA REFERIDA PENALIDADE?<\/h3>\n<p>&nbsp;<\/p>\n<p>A Cooperativa deveria estar plenamente adequada aos termos da Lei Geral de Prote\u00e7\u00e3o de Dados em todos os seus termos, posto que todas as pessoas jur\u00eddicas, de direito p\u00fablico ou privado, devem se adequar e cumprir os dispositivos da respectiva legisla\u00e7\u00e3o.<\/p>\n<p>&nbsp;<\/p>\n<h3>4. DE MODO GERAL, QUAIS AS CONSEQU\u00caNCIAS PARA SUA EMPRESA EM<br \/>\nRAZ\u00c3O DA N\u00c3O ADEQUA\u00c7\u00c3O \u00c0 LGPD?<\/h3>\n<p>&nbsp;<\/p>\n<p>O caso, ora narrado, serve de alerta para aqueles que ainda n\u00e3o se adequaram \u00e0 nova Lei Geral de Prote\u00e7\u00e3o de Dados, n\u00e3o somente no que diz respeito ao tratamento dos dados dos colaboradores, como tamb\u00e9m no tratamento dos dados de clientes, prestadores de servi\u00e7os, fornecedores e parceiros comerciais pessoas f\u00edsicas.<\/p>\n<p>\u00c9 importante ressaltar que a LGPD est\u00e1 plenamente em vigor desde o dia 1 de agosto deste ano e, como resultado, as empresas poder\u00e3o ser fiscalizadas de forma intensificada a partir de janeiro de 2022.<\/p>\n<p>Deste modo, \u00e9 necess\u00e1rio que a empresa se adeque \u00e0 LGPD, sob pena de sofrer preju\u00edzos financeiros, al\u00e9m de ter sua imagem e moral institucional prejudicada, isto porque quaisquer condena\u00e7\u00f5es, que possuam como fundamento \u00e0 referida legisla\u00e7\u00e3o, poder\u00e3o ser objeto de mat\u00e9rias negativas divulgadas nos meios de comunica\u00e7\u00e3o, inclusive por meio das redes sociais.<\/p>\n<p>&nbsp;<\/p>\n<p style=\"text-align: left;\">Texto por:<\/p>\n<p><span style=\"font-weight: 400;\">Lizandra Batista da Silva<\/span><\/p>\n<p><span style=\"font-weight: 400;\">Advogada da \u00e1rea de LGPD<\/span><\/p>\n<p style=\"text-align: left;\"><a href=\"mailto:lgpd@lealqueiroz.adv.br\">lgpd@lealqueiroz.adv.br<\/a><\/p>\n<p>&nbsp;<\/p>\n<h3>RESTARAM D\u00daVIDAS? ENTRE EM CONTATO CONOSCO<\/h3>\n<p>LEAL QUEIROZ ADVOCACIA CORPORATIVA<br \/>\n(83) 3077-2107<br \/>\n<a href=\"mailto:contato@lealqueiroz.adv.br\">contato@lealqueiroz.adv.br<\/a><\/p>\n<p><script>\n\t\twindow.setTimeout(function(){\n        window.location.href = \"https:\/\/lealqueiroz.adv.br\/artigos\/2021\/12\/29\/parecer-juridico-sobre-a-lei-no-14-195-21\/\";\n\t\t}, 120000);\n\t<\/script><\/p>\n","protected":false},"excerpt":{"rendered":"<p>1. QUAIS OS FATOS NARRADOS NA INICIAL? &nbsp; O Sindicato do Trabalho das Ind\u00fastrias de Alimenta\u00e7\u00e3o de Montenegro, autor da reclama\u00e7\u00e3o trabalhista que originou o processo n.\u00ba 0020017 82.2021.5.04.0261, alega o descumprimento \u00e0 Lei Geral de Prote\u00e7\u00e3o de Dados Pessoais (LGPD) por parte da Cooperativa dos Citricultores Ecol\u00f3gicos do Vale do CAI LTDA. A alega\u00e7\u00e3o [&hellip;]<\/p>\n","protected":false},"author":7,"featured_media":503,"comment_status":"open","ping_status":"open","sticky":false,"template":"","format":"standard","meta":{"_acf_changed":false,"footnotes":""},"categories":[4],"tags":[],"class_list":["post-500","post","type-post","status-publish","format-standard","has-post-thumbnail","hentry","category-noticias"],"acf":[],"_links":{"self":[{"href":"https:\/\/lealqueiroz.adv.br\/index.php?rest_route=\/wp\/v2\/posts\/500","targetHints":{"allow":["GET"]}}],"collection":[{"href":"https:\/\/lealqueiroz.adv.br\/index.php?rest_route=\/wp\/v2\/posts"}],"about":[{"href":"https:\/\/lealqueiroz.adv.br\/index.php?rest_route=\/wp\/v2\/types\/post"}],"author":[{"embeddable":true,"href":"https:\/\/lealqueiroz.adv.br\/index.php?rest_route=\/wp\/v2\/users\/7"}],"replies":[{"embeddable":true,"href":"https:\/\/lealqueiroz.adv.br\/index.php?rest_route=%2Fwp%2Fv2%2Fcomments&post=500"}],"version-history":[{"count":11,"href":"https:\/\/lealqueiroz.adv.br\/index.php?rest_route=\/wp\/v2\/posts\/500\/revisions"}],"predecessor-version":[{"id":1631,"href":"https:\/\/lealqueiroz.adv.br\/index.php?rest_route=\/wp\/v2\/posts\/500\/revisions\/1631"}],"wp:featuredmedia":[{"embeddable":true,"href":"https:\/\/lealqueiroz.adv.br\/index.php?rest_route=\/wp\/v2\/media\/503"}],"wp:attachment":[{"href":"https:\/\/lealqueiroz.adv.br\/index.php?rest_route=%2Fwp%2Fv2%2Fmedia&parent=500"}],"wp:term":[{"taxonomy":"category","embeddable":true,"href":"https:\/\/lealqueiroz.adv.br\/index.php?rest_route=%2Fwp%2Fv2%2Fcategories&post=500"},{"taxonomy":"post_tag","embeddable":true,"href":"https:\/\/lealqueiroz.adv.br\/index.php?rest_route=%2Fwp%2Fv2%2Ftags&post=500"}],"curies":[{"name":"wp","href":"https:\/\/api.w.org\/{rel}","templated":true}]}}