{"id":1701,"date":"2024-02-09T16:34:42","date_gmt":"2024-02-09T19:34:42","guid":{"rendered":"https:\/\/lealqueiroz.adv.br\/?p=1701"},"modified":"2024-02-09T16:36:52","modified_gmt":"2024-02-09T19:36:52","slug":"carnaval-nao-e-feriado","status":"publish","type":"post","link":"https:\/\/lealqueiroz.adv.br\/?p=1701","title":{"rendered":"Carnaval n\u00e3o \u00e9 feriado"},"content":{"rendered":"<p>Apesar de ser uma festa muito tradicional no Brasil, o <strong>Carnaval n\u00e3o \u00e9 considerado feriado nacional<\/strong>. Mesmo tendo cidades como Recife onde a festa \u00e9 muito forte, n\u00e3o h\u00e1 feriado espec\u00edfico para as datas da folia de momo.<\/p>\n<p>Diante disso, muitas s\u00e3o as d\u00favidas sobre como fica a jornada de trabalho dos servidores durante o Carnaval.<\/p>\n<p>Para esclarecer esse ponto, a reportagem do Jornal da Manh\u00e3, da R\u00e1dio Caturit\u00e9 FM, recebeu nesta sexta-feira (9), o advogado e especialista em Direito do Trabalho, Allan Queiroz, que explicou a situa\u00e7\u00e3o.<\/p>\n<p>\u2013 Por tradi\u00e7\u00e3o, os estados e munic\u00edpios decretam ponto facultativo para o servi\u00e7o p\u00fablico, todavia essa medida n\u00e3o tem nenhum reflexo nos neg\u00f3cios privados. Dessa forma, Carnaval n\u00e3o \u00e9 feriado, e as empresas podem abrir normalmente sem precisar pagar extra aos funcion\u00e1rios \u2013 detalhou.<\/p>\n<p>Veja o v\u00eddeo da entrevista<\/p>\n<p>&nbsp;<\/p>\n<p><iframe loading=\"lazy\" title=\"Carnaval n\u00e3o \u00e9 feriado. Advogado explica sobre jornada de trabalho nos dias de momo\" width=\"500\" height=\"281\" src=\"https:\/\/www.youtube.com\/embed\/ny8wU0sJk4o?feature=oembed\" frameborder=\"0\" allow=\"accelerometer; autoplay; clipboard-write; encrypted-media; gyroscope; picture-in-picture; web-share\" referrerpolicy=\"strict-origin-when-cross-origin\" allowfullscreen><\/iframe><\/p>\n<p>Fonte: <a href=\"https:\/\/paraibaonline.com.br\/paraiba\/2024\/02\/09\/carnaval-nao-e-feriado-advogado-explica-sobre-jornada-de-trabalho-nos-dias-de-momo\/\" target=\"_blank\" rel=\"noopener sponsored\">Paraiba Online<\/a><\/p>\n","protected":false},"excerpt":{"rendered":"<p>Apesar de ser uma festa muito tradicional no Brasil, o Carnaval n\u00e3o \u00e9 considerado feriado nacional. Mesmo tendo cidades como Recife onde a festa \u00e9 muito forte, n\u00e3o h\u00e1 feriado espec\u00edfico para as datas da folia de momo. Diante disso, muitas s\u00e3o as d\u00favidas sobre como fica a jornada de trabalho dos servidores durante o [&hellip;]<\/p>\n","protected":false},"author":1,"featured_media":1571,"comment_status":"closed","ping_status":"open","sticky":false,"template":"","format":"standard","meta":{"_acf_changed":false,"footnotes":""},"categories":[4],"tags":[196,180,197],"class_list":["post-1701","post","type-post","status-publish","format-standard","has-post-thumbnail","hentry","category-noticias","tag-carnaval","tag-dr-allan-queiroz","tag-feriado"],"acf":[],"_links":{"self":[{"href":"https:\/\/lealqueiroz.adv.br\/index.php?rest_route=\/wp\/v2\/posts\/1701","targetHints":{"allow":["GET"]}}],"collection":[{"href":"https:\/\/lealqueiroz.adv.br\/index.php?rest_route=\/wp\/v2\/posts"}],"about":[{"href":"https:\/\/lealqueiroz.adv.br\/index.php?rest_route=\/wp\/v2\/types\/post"}],"author":[{"embeddable":true,"href":"https:\/\/lealqueiroz.adv.br\/index.php?rest_route=\/wp\/v2\/users\/1"}],"replies":[{"embeddable":true,"href":"https:\/\/lealqueiroz.adv.br\/index.php?rest_route=%2Fwp%2Fv2%2Fcomments&post=1701"}],"version-history":[{"count":3,"href":"https:\/\/lealqueiroz.adv.br\/index.php?rest_route=\/wp\/v2\/posts\/1701\/revisions"}],"predecessor-version":[{"id":1706,"href":"https:\/\/lealqueiroz.adv.br\/index.php?rest_route=\/wp\/v2\/posts\/1701\/revisions\/1706"}],"wp:featuredmedia":[{"embeddable":true,"href":"https:\/\/lealqueiroz.adv.br\/index.php?rest_route=\/wp\/v2\/media\/1571"}],"wp:attachment":[{"href":"https:\/\/lealqueiroz.adv.br\/index.php?rest_route=%2Fwp%2Fv2%2Fmedia&parent=1701"}],"wp:term":[{"taxonomy":"category","embeddable":true,"href":"https:\/\/lealqueiroz.adv.br\/index.php?rest_route=%2Fwp%2Fv2%2Fcategories&post=1701"},{"taxonomy":"post_tag","embeddable":true,"href":"https:\/\/lealqueiroz.adv.br\/index.php?rest_route=%2Fwp%2Fv2%2Ftags&post=1701"}],"curies":[{"name":"wp","href":"https:\/\/api.w.org\/{rel}","templated":true}]}}