{"id":1605,"date":"2023-10-24T09:30:20","date_gmt":"2023-10-24T12:30:20","guid":{"rendered":"https:\/\/lealqueiroz.adv.br\/?p=1605"},"modified":"2023-10-24T09:33:59","modified_gmt":"2023-10-24T12:33:59","slug":"via-celino-neto-primeiro-lq-conecta-private-em-campina-grande","status":"publish","type":"post","link":"https:\/\/lealqueiroz.adv.br\/?p=1605","title":{"rendered":"Via Celino Neto: Primeiro LQ Conecta Private em Campina Grande"},"content":{"rendered":"<p>&#8220;Os advogados Jessica Leal, Allan Queiroz e Andrezza Melo \u2013 leia-se Leal Queiroz Advocacia Corporativa \u2013 realizaram, com sucesso, a primeira edi\u00e7\u00e3o do evento LQ Corporate Private, voltado para seus clientes e com abordagem nas perspectivas e oportunidades da reforma tribut\u00e1ria. O senador da rep\u00fablica Efraim Filho e Andr\u00e9 Adolfo, consultor tributarista e contador foram presen\u00e7as confirmadas.&#8221;<\/p>\n<p><img loading=\"lazy\" decoding=\"async\" class=\"alignnone wp-image-1609 size-large\" src=\"https:\/\/lealqueiroz.adv.br\/wp-content\/uploads\/2023\/10\/portal-celino-neto-fotografia-jo-carvalho-dr-allan-queiroz-dra-jessica-leal-dra-andrezza-almeida-2-1024x684.jpg\" alt=\"Evento LQ Conecta Private\" width=\"1024\" height=\"684\" srcset=\"https:\/\/lealqueiroz.adv.br\/wp-content\/uploads\/2023\/10\/portal-celino-neto-fotografia-jo-carvalho-dr-allan-queiroz-dra-jessica-leal-dra-andrezza-almeida-2-1024x684.jpg 1024w, https:\/\/lealqueiroz.adv.br\/wp-content\/uploads\/2023\/10\/portal-celino-neto-fotografia-jo-carvalho-dr-allan-queiroz-dra-jessica-leal-dra-andrezza-almeida-2-640x427.jpg 640w, https:\/\/lealqueiroz.adv.br\/wp-content\/uploads\/2023\/10\/portal-celino-neto-fotografia-jo-carvalho-dr-allan-queiroz-dra-jessica-leal-dra-andrezza-almeida-2-768x513.jpg 768w, https:\/\/lealqueiroz.adv.br\/wp-content\/uploads\/2023\/10\/portal-celino-neto-fotografia-jo-carvalho-dr-allan-queiroz-dra-jessica-leal-dra-andrezza-almeida-2.jpg 1200w\" sizes=\"auto, (max-width: 1024px) 100vw, 1024px\" \/><\/p>\n<p>Veja todas as fotos do evento <a href=\"https:\/\/portalcelinoneto.com.br\/lq-conecta-private\/\" target=\"_blank\" rel=\"noopener\"><strong>clicando aqui<\/strong><\/a>.<\/p>\n<p>Fotografia by J\u00f4 Carvalho.<br \/>\nFonte: <a href=\"https:\/\/portalcelinoneto.com.br\/lq-conecta-private\/\" target=\"_blank\" rel=\"noopener\">Portal Celino Neto<\/a><\/p>\n<p>&nbsp;<\/p>\n","protected":false},"excerpt":{"rendered":"<p>&#8220;Os advogados Jessica Leal, Allan Queiroz e Andrezza Melo \u2013 leia-se Leal Queiroz Advocacia Corporativa \u2013 realizaram, com sucesso, a primeira edi\u00e7\u00e3o do evento LQ Corporate Private, voltado para seus clientes e com abordagem nas perspectivas e oportunidades da reforma tribut\u00e1ria. O senador da rep\u00fablica Efraim Filho e Andr\u00e9 Adolfo, consultor tributarista e contador foram [&hellip;]<\/p>\n","protected":false},"author":1,"featured_media":1608,"comment_status":"closed","ping_status":"open","sticky":false,"template":"","format":"standard","meta":{"_acf_changed":false,"footnotes":""},"categories":[24],"tags":[191,180,190,181],"class_list":["post-1605","post","type-post","status-publish","format-standard","has-post-thumbnail","hentry","category-eventos","tag-conecta-private","tag-dr-allan-queiroz","tag-dra-andrezza-almeida","tag-dra-jessica-leal"],"acf":[],"_links":{"self":[{"href":"https:\/\/lealqueiroz.adv.br\/index.php?rest_route=\/wp\/v2\/posts\/1605","targetHints":{"allow":["GET"]}}],"collection":[{"href":"https:\/\/lealqueiroz.adv.br\/index.php?rest_route=\/wp\/v2\/posts"}],"about":[{"href":"https:\/\/lealqueiroz.adv.br\/index.php?rest_route=\/wp\/v2\/types\/post"}],"author":[{"embeddable":true,"href":"https:\/\/lealqueiroz.adv.br\/index.php?rest_route=\/wp\/v2\/users\/1"}],"replies":[{"embeddable":true,"href":"https:\/\/lealqueiroz.adv.br\/index.php?rest_route=%2Fwp%2Fv2%2Fcomments&post=1605"}],"version-history":[{"count":9,"href":"https:\/\/lealqueiroz.adv.br\/index.php?rest_route=\/wp\/v2\/posts\/1605\/revisions"}],"predecessor-version":[{"id":1619,"href":"https:\/\/lealqueiroz.adv.br\/index.php?rest_route=\/wp\/v2\/posts\/1605\/revisions\/1619"}],"wp:featuredmedia":[{"embeddable":true,"href":"https:\/\/lealqueiroz.adv.br\/index.php?rest_route=\/wp\/v2\/media\/1608"}],"wp:attachment":[{"href":"https:\/\/lealqueiroz.adv.br\/index.php?rest_route=%2Fwp%2Fv2%2Fmedia&parent=1605"}],"wp:term":[{"taxonomy":"category","embeddable":true,"href":"https:\/\/lealqueiroz.adv.br\/index.php?rest_route=%2Fwp%2Fv2%2Fcategories&post=1605"},{"taxonomy":"post_tag","embeddable":true,"href":"https:\/\/lealqueiroz.adv.br\/index.php?rest_route=%2Fwp%2Fv2%2Ftags&post=1605"}],"curies":[{"name":"wp","href":"https:\/\/api.w.org\/{rel}","templated":true}]}}