{"id":1428,"date":"2023-05-23T11:23:28","date_gmt":"2023-05-23T14:23:28","guid":{"rendered":"https:\/\/lealqueiroz.adv.br\/?p=1428"},"modified":"2023-10-25T00:33:50","modified_gmt":"2023-10-25T03:33:50","slug":"stf-decidira-se-iss-compoe-a-base-de-calculo-do-pis-e-da-cofins","status":"publish","type":"post","link":"https:\/\/lealqueiroz.adv.br\/?p=1428","title":{"rendered":"STF decidir\u00e1 se ISS comp\u00f5e a base de c\u00e1lculo do PIS e da COFINS"},"content":{"rendered":"<p>O Supremo Tribunal Federal, quando do julgamento do Tema 118 da Repercuss\u00e3o Geral, definir\u00e1, definitivamente, se o ISS, imposto municipal sobre servi\u00e7os, pode compor a base de c\u00e1lculo das contribui\u00e7\u00f5es federais sobre receita bruta\/faturamento, especificamente o PIS e a Cofins.<\/p>\n<p>A discuss\u00e3o \u00e9 considerada consequ\u00eancia natural do debate feito no julgamento do Tema 69, no qual a Suprema Corte declarou que o ICMS, por n\u00e3o ser receita\/faturamento das empresas, n\u00e3o pode compor a base de c\u00e1lculo das contribui\u00e7\u00f5es citadas.<\/p>\n<p>Ressalta-se, todavia, que o julgamento do m\u00e9rito ainda est\u00e1 pendente. Mas, j\u00e1 existe voto do antigo relator (Min. Celso de Mello) fixando a n\u00e3o incid\u00eancia do PIS e da Cofins nos seguintes termos: \u201cO valor correspondente ao ISS n\u00e3o integra a base de c\u00e1lculo das contribui\u00e7\u00f5es sociais referentes ao PIS e \u00e0 COFINS, pelo fato de o ISS qualificar-se como simples ingresso financeiro que meramente transita, sem qualquer car\u00e1ter de definitividade, pelo patrim\u00f4nio e pela contabilidade do contribuinte, sob pena de transgress\u00e3o ao art. 195, I, \u2018b\u2019, da Constitui\u00e7\u00e3o da Rep\u00fablica (na reda\u00e7\u00e3o dada pela EC n\u00ba 20\/98)\u201d.<\/p>\n<p>Percebe-se que a conclus\u00e3o do relator \u00e9 semelhante ao que fora decidido pela Corte no julgamento do Tema 69, de modo que \u00e9 prov\u00e1vel que o STF fixe entendimento semelhante quando do julgamento do m\u00e9rito do Tema 118.<\/p>\n<p>Portanto, \u00e9 mais uma oportunidade de recupera\u00e7\u00e3o de tributos pagos pelas empresas nos \u00faltimos anos. Refor\u00e7a-se que as empresas que ainda n\u00e3o possuem a\u00e7\u00f5es judiciais discutindo referido tema precisam realizar o ajuizamento antes da defini\u00e7\u00e3o por parte do STF, uma vez que a modula\u00e7\u00e3o dos efeitos poder\u00e1 ser um fator delimitador do direito ao cr\u00e9dito.<\/p>\n<p>Se quiser saber mais sobre o assunto, entre em contato com a Leal Queiroz Advocacia Corporativa.<\/p>\n<p>&nbsp;<\/p>\n<p><strong>Allan de Queiroz Ramos<\/strong><br \/>\nOAB\/PB 20.574<\/p>\n<p><strong>Andrezza Melo de Almeida<\/strong><br \/>\nOAB\/PB 13.260<\/p>\n<p><strong>Adriano de Moura Marques<\/strong><br \/>\nOAB\/PB 30.318<\/p>\n","protected":false},"excerpt":{"rendered":"<p>O Supremo Tribunal Federal, quando do julgamento do Tema 118 da Repercuss\u00e3o Geral, definir\u00e1, definitivamente, se o ISS, imposto municipal sobre servi\u00e7os, pode compor a base de c\u00e1lculo das contribui\u00e7\u00f5es federais sobre receita bruta\/faturamento, especificamente o PIS e a Cofins. A discuss\u00e3o \u00e9 considerada consequ\u00eancia natural do debate feito no julgamento do Tema 69, no [&hellip;]<\/p>\n","protected":false},"author":7,"featured_media":1115,"comment_status":"closed","ping_status":"open","sticky":false,"template":"","format":"standard","meta":{"_acf_changed":false,"footnotes":""},"categories":[3],"tags":[],"class_list":["post-1428","post","type-post","status-publish","format-standard","has-post-thumbnail","hentry","category-artigos"],"acf":[],"_links":{"self":[{"href":"https:\/\/lealqueiroz.adv.br\/index.php?rest_route=\/wp\/v2\/posts\/1428","targetHints":{"allow":["GET"]}}],"collection":[{"href":"https:\/\/lealqueiroz.adv.br\/index.php?rest_route=\/wp\/v2\/posts"}],"about":[{"href":"https:\/\/lealqueiroz.adv.br\/index.php?rest_route=\/wp\/v2\/types\/post"}],"author":[{"embeddable":true,"href":"https:\/\/lealqueiroz.adv.br\/index.php?rest_route=\/wp\/v2\/users\/7"}],"replies":[{"embeddable":true,"href":"https:\/\/lealqueiroz.adv.br\/index.php?rest_route=%2Fwp%2Fv2%2Fcomments&post=1428"}],"version-history":[{"count":1,"href":"https:\/\/lealqueiroz.adv.br\/index.php?rest_route=\/wp\/v2\/posts\/1428\/revisions"}],"predecessor-version":[{"id":1429,"href":"https:\/\/lealqueiroz.adv.br\/index.php?rest_route=\/wp\/v2\/posts\/1428\/revisions\/1429"}],"wp:featuredmedia":[{"embeddable":true,"href":"https:\/\/lealqueiroz.adv.br\/index.php?rest_route=\/wp\/v2\/media\/1115"}],"wp:attachment":[{"href":"https:\/\/lealqueiroz.adv.br\/index.php?rest_route=%2Fwp%2Fv2%2Fmedia&parent=1428"}],"wp:term":[{"taxonomy":"category","embeddable":true,"href":"https:\/\/lealqueiroz.adv.br\/index.php?rest_route=%2Fwp%2Fv2%2Fcategories&post=1428"},{"taxonomy":"post_tag","embeddable":true,"href":"https:\/\/lealqueiroz.adv.br\/index.php?rest_route=%2Fwp%2Fv2%2Ftags&post=1428"}],"curies":[{"name":"wp","href":"https:\/\/api.w.org\/{rel}","templated":true}]}}