{"id":1413,"date":"2023-05-04T08:11:11","date_gmt":"2023-05-04T11:11:11","guid":{"rendered":"https:\/\/lealqueiroz.adv.br\/?p=1413"},"modified":"2023-10-25T00:33:43","modified_gmt":"2023-10-25T03:33:43","slug":"5-passos-para-o-correto-tratamento-de-dados-dos-funcionarios-de-sua-empresa","status":"publish","type":"post","link":"https:\/\/lealqueiroz.adv.br\/?p=1413","title":{"rendered":"5 passos para o correto tratamento de dados dos funcion\u00e1rios de sua empresa"},"content":{"rendered":"<p>O correto tratamento de dados pessoais de seus colaboradores, em conformidade com a legisla\u00e7\u00e3o, \u00e9 imprescind\u00edvel para que as empresas n\u00e3o sejam negativamente afetadas pela Lei Geral de Prote\u00e7\u00e3o de Dados. \u00c9 fundamental que as empresas se atentem para as penalidades previstas em lei, para que se evite aplica\u00e7\u00e3o de graves multas, principalmente sobre as de pequeno e m\u00e9dio porte.<\/p>\n<p>Como manusear corretamente os dados dos meus funcion\u00e1rios?<\/p>\n<ol>\n<li><strong>Nomea\u00e7\u00e3o de profissional competente <\/strong><\/li>\n<\/ol>\n<p>O primeiro passo \u00e9 a contrata\u00e7\u00e3o de um operador competente para gerenciar esses dados, que possua ferramentas espec\u00edficas para controlar as necessidades da empresa e de seus funcion\u00e1rios, evitando o mau uso e a exposi\u00e7\u00e3o inadequada.<\/p>\n<ol start=\"2\">\n<li><strong>Filtro dos documentos requisitados <\/strong><\/li>\n<\/ol>\n<p>\u00c9 importante que se fa\u00e7a um filtro nos documentos solicitados principalmente na admiss\u00e3o e demiss\u00e3o de seus funcion\u00e1rios. O m\u00ednimo de documentos sobre o dom\u00ednio da empresa facilita a sua gest\u00e3o, uma vez que s\u00f3 se devem ser solicitados os estritamente necess\u00e1rios.<\/p>\n<ol start=\"3\">\n<li><strong>A import\u00e2ncia do consentimento do titular dos dados<\/strong><\/li>\n<\/ol>\n<p>O fator mais importante (e mais perigoso) do desafio de inclus\u00e3o da LGPD nas empresas \u00e9 a comprova\u00e7\u00e3o do consentimento do titular dos dados para seu manuseio\/exposi\u00e7\u00e3o. A empresa deve procurar registrar, sempre que poss\u00edvel, o consentimento do funcion\u00e1rio na utiliza\u00e7\u00e3o de seus dados para que se evite maiores problemas e incid\u00eancia de alt\u00edssimas multas.<\/p>\n<ol start=\"4\">\n<li><strong>Aten\u00e7\u00e3o para a lei<\/strong><\/li>\n<\/ol>\n<p>\u00c9 not\u00f3rio que se deve prezar pelo pleno conhecimento da lei para dirigir corretamente documentos pessoais, como endere\u00e7os, e-mails, telefones, e informa\u00e7\u00f5es sens\u00edveis como as referentes \u00e0 sa\u00fade, \u00e0 gen\u00e9tica, \u00e0 origem racial, etc. Depois de entendido, busque conhecer todos os limites dessa recent\u00edssima lei e adeque a sua empresa a seus termos em tempo h\u00e1bil.<\/p>\n<ol start=\"5\">\n<li><strong>Assessoria jur\u00eddica<\/strong><\/li>\n<\/ol>\n<p>N\u00e3o sabe como se aprofundar? A busca pela qualifica\u00e7\u00e3o profissional \u00e9 uma atitude decisiva. Entre em contato conosco! Nossa equipe est\u00e1 a disposi\u00e7\u00e3o para adequar seu neg\u00f3cio a todos os requisitos da lei e evitar grandes preju\u00edzos por meio de uma assessoria jur\u00eddica preventiva e reparadora.<\/p>\n","protected":false},"excerpt":{"rendered":"<p>O correto tratamento de dados pessoais de seus colaboradores, em conformidade com a legisla\u00e7\u00e3o, \u00e9 imprescind\u00edvel para que as empresas n\u00e3o sejam negativamente afetadas pela Lei Geral de Prote\u00e7\u00e3o de Dados. \u00c9 fundamental que as empresas se atentem para as penalidades previstas em lei, para que se evite aplica\u00e7\u00e3o de graves multas, principalmente sobre as [&hellip;]<\/p>\n","protected":false},"author":7,"featured_media":1415,"comment_status":"closed","ping_status":"open","sticky":false,"template":"","format":"standard","meta":{"_acf_changed":false,"footnotes":""},"categories":[3],"tags":[],"class_list":["post-1413","post","type-post","status-publish","format-standard","has-post-thumbnail","hentry","category-artigos"],"acf":[],"_links":{"self":[{"href":"https:\/\/lealqueiroz.adv.br\/index.php?rest_route=\/wp\/v2\/posts\/1413","targetHints":{"allow":["GET"]}}],"collection":[{"href":"https:\/\/lealqueiroz.adv.br\/index.php?rest_route=\/wp\/v2\/posts"}],"about":[{"href":"https:\/\/lealqueiroz.adv.br\/index.php?rest_route=\/wp\/v2\/types\/post"}],"author":[{"embeddable":true,"href":"https:\/\/lealqueiroz.adv.br\/index.php?rest_route=\/wp\/v2\/users\/7"}],"replies":[{"embeddable":true,"href":"https:\/\/lealqueiroz.adv.br\/index.php?rest_route=%2Fwp%2Fv2%2Fcomments&post=1413"}],"version-history":[{"count":1,"href":"https:\/\/lealqueiroz.adv.br\/index.php?rest_route=\/wp\/v2\/posts\/1413\/revisions"}],"predecessor-version":[{"id":1416,"href":"https:\/\/lealqueiroz.adv.br\/index.php?rest_route=\/wp\/v2\/posts\/1413\/revisions\/1416"}],"wp:featuredmedia":[{"embeddable":true,"href":"https:\/\/lealqueiroz.adv.br\/index.php?rest_route=\/wp\/v2\/media\/1415"}],"wp:attachment":[{"href":"https:\/\/lealqueiroz.adv.br\/index.php?rest_route=%2Fwp%2Fv2%2Fmedia&parent=1413"}],"wp:term":[{"taxonomy":"category","embeddable":true,"href":"https:\/\/lealqueiroz.adv.br\/index.php?rest_route=%2Fwp%2Fv2%2Fcategories&post=1413"},{"taxonomy":"post_tag","embeddable":true,"href":"https:\/\/lealqueiroz.adv.br\/index.php?rest_route=%2Fwp%2Fv2%2Ftags&post=1413"}],"curies":[{"name":"wp","href":"https:\/\/api.w.org\/{rel}","templated":true}]}}