{"id":1389,"date":"2023-04-11T16:37:53","date_gmt":"2023-04-11T19:37:53","guid":{"rendered":"https:\/\/lealqueiroz.adv.br\/?p=1389"},"modified":"2023-10-25T00:33:31","modified_gmt":"2023-10-25T03:33:31","slug":"como-a-dosimetria-pode-impactar-na-aplicacao-de-multas-contra-sua-empresa","status":"publish","type":"post","link":"https:\/\/lealqueiroz.adv.br\/?p=1389","title":{"rendered":"Como a dosimetria pode impactar na aplica\u00e7\u00e3o de multas contra sua empresa?"},"content":{"rendered":"<p><span style=\"font-weight: 400;\">No dia 27 de fevereiro de 2023, a Autoridade Nacional de Prote\u00e7\u00e3o de Dados (ANPD) publicou o Regulamento de Dosimetria e Aplica\u00e7\u00e3o de San\u00e7\u00f5es Administrativas, que visa estabelecer par\u00e2metros e crit\u00e9rios para aplica\u00e7\u00e3o de penalidades por descumprimento \u00e0 Lei Geral de Prote\u00e7\u00e3o de Dados (LGPD).<\/span><\/p>\n<p><span style=\"font-weight: 400;\">O Regulamento estabelece as circunst\u00e2ncias, condi\u00e7\u00f5es e m\u00e9todos de aplica\u00e7\u00e3o das san\u00e7\u00f5es, considerando, dentre outros aspectos, o dano ou o preju\u00edzo causado aos titulares de dados pelo descumprimento \u00e0 LGPD.<\/span><\/p>\n<p><span style=\"font-weight: 400;\">As san\u00e7\u00f5es somente ser\u00e3o aplicadas ap\u00f3s procedimento administrativo mediante decis\u00e3o fundamentada da ANPD, assegurado o direito \u00e0 ampla defesa, ao contradit\u00f3rio e ao devido processo legal. Entretanto, em caso de pluralidade de infratores, estas ser\u00e3o aplicadas de forma individualizada.<\/span> <span style=\"font-weight: 400;\">A aplica\u00e7\u00e3o das san\u00e7\u00f5es ocorrer\u00e1 de forma gradativa, isolada ou cumulativamente, de acordo com as peculiaridades do caso concreto, mas sua aplica\u00e7\u00e3o n\u00e3o exclui a possibilidade de ado\u00e7\u00e3o de outras medidas administrativas pela ANPD, previstas na LGPD.<\/span><\/p>\n<p><b>1. O que \u00e9 dosimetria?<\/b><\/p>\n<p><span style=\"font-weight: 400;\">\u00c9 o m\u00e9todo que orienta\u00a0a escolha da san\u00e7\u00e3o mais apropriada para\u00a0cada caso em que houver viola\u00e7\u00e3o \u00e0 LGPD\u00a0e\u00a0permite\u00a0calcular,\u00a0quando cab\u00edvel,\u00a0o valor da multa aplic\u00e1vel\u00a0ao\u00a0infrator.\u00a0<\/span><\/p>\n<p><span style=\"font-weight: 400;\">Assim, a dosimetria <\/span><span style=\"font-weight: 400;\">busca\u00a0garantir a\u00a0proporcionalidade\u00a0entre a san\u00e7\u00e3o aplicada e\u00a0a gravidade da conduta do agente, al\u00e9m de\u00a0proporcionar\u00a0seguran\u00e7a jur\u00eddica aos processos fiscalizat\u00f3rios\u00a0e\u00a0garantir\u00a0o\u00a0direito ao\u00a0devido\u00a0processo legal e\u00a0ao contradit\u00f3rio.\u00a0<\/span><\/p>\n<p>&nbsp;<\/p>\n<p><b>2. Quais as san\u00e7\u00f5es que poder\u00e3o ser aplicadas?<\/b><\/p>\n<p><span style=\"font-weight: 400;\">Poder\u00e3o\u00a0ser aplicadas todas as san\u00e7\u00f5es\u00a0j\u00e1\u00a0previstas na LGPD que s\u00e3o:\u00a0<\/span><\/p>\n<ul>\n<li style=\"font-weight: 400;\" aria-level=\"1\"><span style=\"font-weight: 400;\">Advert\u00eancia;\u00a0<\/span><\/li>\n<li style=\"font-weight: 400;\" aria-level=\"1\"><span style=\"font-weight: 400;\">Multa simples, de at\u00e9 2% (dois por cento) do faturamento da empresa, limitada, no total, a R$ 50.000.000,00 (cinquenta milh\u00f5es de reais), por infra\u00e7\u00e3o;\u00a0<\/span><\/li>\n<li style=\"font-weight: 400;\" aria-level=\"1\"><span style=\"font-weight: 400;\">Multa di\u00e1ria, com limite total de R$ 50.000.000,00 (cinquenta milh\u00f5es de reais);\u00a0<\/span><\/li>\n<li style=\"font-weight: 400;\" aria-level=\"1\"><span style=\"font-weight: 400;\">Publiciza\u00e7\u00e3o da infra\u00e7\u00e3o;\u00a0<\/span><\/li>\n<li style=\"font-weight: 400;\" aria-level=\"1\"><span style=\"font-weight: 400;\">Bloqueio dos dados pessoais;\u00a0<\/span><\/li>\n<li style=\"font-weight: 400;\" aria-level=\"1\"><span style=\"font-weight: 400;\">Elimina\u00e7\u00e3o dos dados pessoais;\u00a0<\/span><\/li>\n<li style=\"font-weight: 400;\" aria-level=\"1\"><span style=\"font-weight: 400;\">Suspens\u00e3o parcial do funcionamento do banco de dados por no\u00a0m\u00e1ximo de 6 (seis) meses, prorrog\u00e1vel por igual per\u00edodo, at\u00e9 que se regularize a situa\u00e7\u00e3o;\u00a0\u00a0<\/span><\/li>\n<li style=\"font-weight: 400;\" aria-level=\"1\"><span style=\"font-weight: 400;\">Suspens\u00e3o do exerc\u00edcio da atividade de tratamento dos dados pessoais\u00a0por no m\u00e1ximo de 6 (seis) meses, prorrog\u00e1vel por igual per\u00edodo;\u00a0\u00a0\u00a0<\/span><\/li>\n<li style=\"font-weight: 400;\" aria-level=\"1\"><span style=\"font-weight: 400;\">Proibi\u00e7\u00e3o parcial ou total do exerc\u00edcio de atividades relacionadas a tratamento de dados.\u00a0\u00a0\u00a0\u00a0\u00a0<\/span><\/li>\n<\/ul>\n<p><span style=\"font-weight: 400;\">Al\u00e9m das multas, a Autoridade poder\u00e1 aplicar tamb\u00e9m puni\u00e7\u00f5es bastante severas aos infratores que n\u00e3o se adequarem \u00e0s disposi\u00e7\u00f5es da Lei Geral de Prote\u00e7\u00e3o de Dados Pessoais, como o bloqueio ou a elimina\u00e7\u00e3o definitiva dos dados pessoais irregularmente tratados.<\/span> <span style=\"font-weight: 400;\">\u00a0 \u00a0 \u00a0 \u00a0 \u00a0 \u00a0 \u00a0 <\/span> <span style=\"font-weight: 400;\">A suspens\u00e3o parcial ou total e a proibi\u00e7\u00e3o parcial ou total do exerc\u00edcio de atividades a que se refere a infra\u00e7\u00e3o ou tratamento de dados, somente ser\u00e3o aplicadas ap\u00f3s j\u00e1 ter sido imposta ao menos algumas das seguintes san\u00e7\u00f5es: multa simples ou di\u00e1ria, publiciza\u00e7\u00e3o, bloqueio dos dados e elimina\u00e7\u00e3o dos dados pessoais.<\/span><\/p>\n<p><b>3. Como as san\u00e7\u00f5es ser\u00e3o aplicadas<\/b><span style=\"font-weight: 400;\">?<\/span><\/p>\n<p><span style=\"font-weight: 400;\">As san\u00e7\u00f5es ser\u00e3o aplicadas depois de uma an\u00e1lise feita em processo\u00a0administrativo caso a caso. Esse processo\u00a0dever\u00e1 conceder a oportunidade de ampla defesa, de acordo com as\u00a0peculiaridades do caso concreto e\u00a0conforme os seguintes crit\u00e9rios:\u00a0<\/span><\/p>\n<ol>\n<li><span style=\"font-weight: 400;\">Gravidade e natureza das infra\u00e7\u00f5es e dos direitos pessoais afetados;\u00a0<\/span><\/li>\n<li><span style=\"font-weight: 400;\">Boa-f\u00e9 do infrator;\u00a0<\/span><\/li>\n<li><span style=\"font-weight: 400;\">Vantagem auferida ou pretendida pelo infrator;\u00a0<\/span><\/li>\n<li><span style=\"font-weight: 400;\">Condi\u00e7\u00e3o econ\u00f4mica do infrator;\u00a0<\/span><\/li>\n<li><span style=\"font-weight: 400;\">Reincid\u00eancia;\u00a0<\/span><\/li>\n<li><span style=\"font-weight: 400;\">Grau do dano;\u00a0<\/span><\/li>\n<li><span style=\"font-weight: 400;\">Coopera\u00e7\u00e3o do infrator;\u00a0<\/span><\/li>\n<li><span style=\"font-weight: 400;\">Ado\u00e7\u00e3o\u00a0de mecanismos e procedimentos internos capazes de minimizar o dano;\u00a0<\/span><\/li>\n<li><span style=\"font-weight: 400;\">Ado\u00e7\u00e3o de pol\u00edtica de boas pr\u00e1ticas e governan\u00e7a;\u00a0<\/span><\/li>\n<li><span style=\"font-weight: 400;\">Pronta ado\u00e7\u00e3o de medidas corretivas; e\u00a0<\/span><\/li>\n<li><span style=\"font-weight: 400;\">Proporcionalidade entre a gravidade da falta e a intensidade da san\u00e7\u00e3o.\u00a0<\/span><\/li>\n<\/ol>\n<p>&nbsp;<\/p>\n<p><b>4. Como podem ser classificadas as infra\u00e7\u00f5es?<\/b><\/p>\n<p>&nbsp;<\/p>\n<p><span style=\"font-weight: 400;\">As infra\u00e7\u00f5es s\u00e3o classificadas, segundo a gravidade e a natureza das infra\u00e7\u00f5es e dos direitos pessoais afetados, em: leve, m\u00e9dia ou grave.<\/span><\/p>\n<p>&nbsp;<\/p>\n<ul>\n<li style=\"font-weight: 400;\" aria-level=\"1\"><span style=\"font-weight: 400;\">A infra\u00e7\u00e3o ser\u00e1 considerada <\/span><b>LEVE <\/b><span style=\"font-weight: 400;\">quando n\u00e3o verificada nenhuma das hip\u00f3teses de infra\u00e7\u00e3o m\u00e9dia ou grave;<\/span><\/li>\n<li style=\"font-weight: 400;\" aria-level=\"1\"><span style=\"font-weight: 400;\">A infra\u00e7\u00e3o ser\u00e1 considerada <\/span><b>M\u00c9DIA<\/b><span style=\"font-weight: 400;\"> quando puder afetar significativamente interesses e direitos fundamentais dos titulares, caracterizada nas situa\u00e7\u00f5es em que a atividade de tratamento puder impedir ou limitar, de maneira significativa, o exerc\u00edcio de direitos ou a utiliza\u00e7\u00e3o de um servi\u00e7o, assim como ocasionar danos materiais ou morais aos titulares, tais como discrimina\u00e7\u00e3o; viola\u00e7\u00e3o \u00e0 integridade f\u00edsica; ao direito \u00e0 imagem e \u00e0 reputa\u00e7\u00e3o; fraudes financeiras ou uso indevido de identidade, desde que n\u00e3o seja classificada como grave.<\/span><\/li>\n<li style=\"font-weight: 400;\" aria-level=\"1\"><span style=\"font-weight: 400;\">A infra\u00e7\u00e3o ser\u00e1 considerada <\/span><b>GRAVE<\/b><span style=\"font-weight: 400;\"> quando constituir obstru\u00e7\u00e3o \u00e0 atividade de fiscaliza\u00e7\u00e3o ou verificada alguma das hip\u00f3teses de infra\u00e7\u00e3o m\u00e9dia e cumulativamente, pelo menos, uma das seguintes:<\/span><\/li>\n<\/ul>\n<p>&nbsp;<\/p>\n<p><span style=\"font-weight: 400;\">a) envolver tratamento de dados pessoais em larga escala, caracterizado quando abranger n\u00famero significativo de titulares, considerando-se, ainda, o volume de dados envolvidos, bem como a dura\u00e7\u00e3o, a frequ\u00eancia e a extens\u00e3o geogr\u00e1fica do tratamento realizado;<\/span><\/p>\n<p><span style=\"font-weight: 400;\">b) o infrator auferir ou pretender auferir vantagem econ\u00f4mica em decorr\u00eancia da infra\u00e7\u00e3o cometida;<\/span><\/p>\n<p><span style=\"font-weight: 400;\">c) a infra\u00e7\u00e3o implicar risco \u00e0 vida dos titulares;<\/span><\/p>\n<p><span style=\"font-weight: 400;\">d) a infra\u00e7\u00e3o envolver tratamento de dados sens\u00edveis ou de dados pessoais de crian\u00e7as, de adolescentes ou de idosos;<\/span><\/p>\n<p><span style=\"font-weight: 400;\">e) o infrator realizar tratamento de dados pessoais sem amparo em uma das hip\u00f3teses legais previstas na LGPD;<\/span><\/p>\n<p><span style=\"font-weight: 400;\">f) o infrator realizar tratamento com efeitos discriminat\u00f3rios il\u00edcitos ou abusivos; ou<\/span><\/p>\n<p><span style=\"font-weight: 400;\">g) verificada a ado\u00e7\u00e3o sistem\u00e1tica de pr\u00e1ticas irregulares pelo infrator.<\/span><\/p>\n<p>&nbsp;<\/p>\n<p><b>5. O que pode ocorrer caso a san\u00e7\u00e3o aplicada n\u00e3o seja devidamente cumprida?<\/b><\/p>\n<p><span style=\"font-weight: 400;\">O n\u00e3o cumprimento da san\u00e7\u00e3o aplicada ou a aus\u00eancia de regulariza\u00e7\u00e3o da conduta, no prazo estipulado, ensejar\u00e1 a progress\u00e3o da atua\u00e7\u00e3o da ANPD para a aplica\u00e7\u00e3o de san\u00e7\u00f5es mais graves, sem preju\u00edzo da ado\u00e7\u00e3o das demais medidas legais cab\u00edveis.<\/span><\/p>\n<p><b>6. Quais as hip\u00f3teses de aplica\u00e7\u00e3o da san\u00e7\u00e3o de advert\u00eancia?<\/b><\/p>\n<p><span style=\"font-weight: 400;\">A ANPD poder\u00e1 aplicar a san\u00e7\u00e3o de advert\u00eancia quando a infra\u00e7\u00e3o for leve ou m\u00e9dia e n\u00e3o caracterizar reincid\u00eancia espec\u00edfica ou houver necessidade de imposi\u00e7\u00e3o de medidas corretivas.<\/span><\/p>\n<p>&nbsp;<\/p>\n<p><b>7. Quais as hip\u00f3teses de aplica\u00e7\u00e3o da san\u00e7\u00e3o de multa simples?<\/b><\/p>\n<p><span style=\"font-weight: 400;\">A ANPD aplicar\u00e1 a san\u00e7\u00e3o de multa simples quando:<\/span><\/p>\n<p>&nbsp;<\/p>\n<p><span style=\"font-weight: 400;\">a) o infrator n\u00e3o tenha atendido as medidas preventivas ou corretivas a ele impostas, dentro dos prazos estabelecidos, quando aplic\u00e1vel;<\/span><\/p>\n<p><span style=\"font-weight: 400;\">b) a infra\u00e7\u00e3o for classificada como grave; ou<\/span><\/p>\n<p><span style=\"font-weight: 400;\">c) pela natureza da infra\u00e7\u00e3o, da atividade de tratamento ou dos dados pessoais, e pelas circunst\u00e2ncias do caso concreto, n\u00e3o for adequado aplicar outra san\u00e7\u00e3o.<\/span><\/p>\n<p>&nbsp;<\/p>\n<p><b>8.Como ocorrer\u00e1 a defini\u00e7\u00e3o do valor-base da multa simples?<\/b><\/p>\n<p><span style=\"font-weight: 400;\">Para a defini\u00e7\u00e3o do valor-base da multa simples ser\u00e1 utilizada, para cada infra\u00e7\u00e3o cometida, a metodologia abaixo, considerados os seguintes elementos:<\/span><\/p>\n<p><span style=\"font-weight: 400;\">a) a classifica\u00e7\u00e3o da infra\u00e7\u00e3o;<\/span><\/p>\n<p><span style=\"font-weight: 400;\">b) o faturamento do infrator no \u00faltimo exerc\u00edcio dispon\u00edvel anterior \u00e0 aplica\u00e7\u00e3o da san\u00e7\u00e3o, relativo ao ramo de atividade empresarial em que ocorreu a infra\u00e7\u00e3o.<\/span><\/p>\n<p>&nbsp;<\/p>\n<p><span style=\"font-weight: 400;\">Tamb\u00e9m poder\u00e1 ser considerado o grau do dano:<\/span><\/p>\n<p><b><i>Obs.<\/i><\/b><span style=\"font-weight: 400;\">: Ser\u00e1 considerada a soma dos faturamentos obtidos em todos os ramos de atividade empresarial afetados, quando a infra\u00e7\u00e3o tenha ocorrido em mais de um ramo de atividade empresarial ou os dados pessoais abrangidos pela infra\u00e7\u00e3o s\u00e3o aproveitados, relacionados, ou utilizados como fontes de informa\u00e7\u00e3o para processos de outros ramos de atividade da empresa, do grupo ou do conglomerado.<\/span><\/p>\n<p>&nbsp;<\/p>\n<p><b>9. Quando ocorrer\u00e1 a aplica\u00e7\u00e3o de multa di\u00e1ria?<\/b><\/p>\n<p><span style=\"font-weight: 400;\">A ANPD aplicar\u00e1 a san\u00e7\u00e3o de multa di\u00e1ria quando necess\u00e1ria para assegurar o cumprimento, em prazo certo, de uma san\u00e7\u00e3o n\u00e3o pecuni\u00e1ria ou de uma determina\u00e7\u00e3o estabelecida pela ANPD, observados:<\/span><\/p>\n<p>&nbsp;<\/p>\n<p><span style=\"font-weight: 400;\">a) o limite total previsto na LGPD, por infra\u00e7\u00e3o (at\u00e9 2% do faturamento da pessoa jur\u00eddica de direito privado, grupo ou conglomerado no Brasil no seu \u00faltimo exerc\u00edcio, exclu\u00eddos os tributos, limitada, no total, a R$ 50.000.000,00 (cinquenta milh\u00f5es de reais);<\/span><\/p>\n<p><span style=\"font-weight: 400;\">b) a classifica\u00e7\u00e3o da infra\u00e7\u00e3o;\u00a0<\/span><\/p>\n<p><span style=\"font-weight: 400;\">c) o grau do dano, que compreende a extens\u00e3o do dano e o preju\u00edzo causado;<\/span><\/p>\n<p><span style=\"font-weight: 400;\">d) ap\u00f3s notificado do cometimento de irregularidades que tenham sido praticadas, deixar de san\u00e1-las no prazo assinalado;<\/span><\/p>\n<p><span style=\"font-weight: 400;\">e) praticar obstru\u00e7\u00e3o \u00e0 atividade de fiscaliza\u00e7\u00e3o, desde que a aplica\u00e7\u00e3o da multa di\u00e1ria seja necess\u00e1ria para desobstrui-la; ou<\/span><\/p>\n<p><span style=\"font-weight: 400;\">f) praticar infra\u00e7\u00e3o permanente n\u00e3o cessada at\u00e9 a decis\u00e3o.<\/span><\/p>\n<p>&nbsp;<\/p>\n<p><span style=\"font-weight: 400;\">O valor da multa di\u00e1ria ser\u00e1 aplicado de forma acumulada, considerando o tempo entre a incid\u00eancia da multa e o cumprimento da obriga\u00e7\u00e3o, at\u00e9 o limite total de R$ 50.000.000,00 (cinquenta milh\u00f5es de reais) por infra\u00e7\u00e3o.<\/span><\/p>\n<p><span style=\"font-weight: 400;\">A san\u00e7\u00e3o de multa di\u00e1ria incide a partir do primeiro dia \u00fatil de atraso no cumprimento da san\u00e7\u00e3o n\u00e3o pecuni\u00e1ria ou da determina\u00e7\u00e3o estabelecida pela ANPD, ap\u00f3s a ci\u00eancia oficial acerca da intima\u00e7\u00e3o da decis\u00e3o que a estipulou, independentemente de nova intima\u00e7\u00e3o. Ou, do dia \u00fatil seguinte ao da ci\u00eancia oficial acerca da intima\u00e7\u00e3o da decis\u00e3o que a estipulou at\u00e9 o cumprimento da obriga\u00e7\u00e3o.<\/span><\/p>\n<p>&nbsp;<\/p>\n<p><b>10. Informa\u00e7\u00f5es importantes sobre as multas:<\/b><\/p>\n<p><span style=\"font-weight: 400;\">A multa dever\u00e1 ser paga no prazo de at\u00e9 20 (vinte) dias \u00fateis, contados a partir da ci\u00eancia oficial da decis\u00e3o de aplica\u00e7\u00e3o de san\u00e7\u00e3o. Aos agentes de tratamento de pequeno porte ser\u00e1 concedido prazo em dobro para o pagamento.<\/span><\/p>\n<p><span style=\"font-weight: 400;\">O infrator que renunciar expressamente ao direito de recorrer da decis\u00e3o de primeira inst\u00e2ncia, far\u00e1 jus a um fator de redu\u00e7\u00e3o de 25% (vinte e cinco por cento) no valor da multa aplicada, caso fa\u00e7a o recolhimento no prazo para pagamento definido.<\/span><\/p>\n<p>&nbsp;<\/p>\n<p><b>11. Quais s\u00e3o as circunst\u00e2ncias agravantes?<\/b><\/p>\n<p><span style=\"font-weight: 400;\">O valor da multa simples ser\u00e1 acrescido nos percentuais abaixo, caso incidam as seguintes circunst\u00e2ncias agravantes:<\/span><\/p>\n<p><span style=\"font-weight: 400;\"><br \/>\n<\/span><span style=\"font-weight: 400;\">a) 10% (dez por cento) para cada caso de reincid\u00eancia espec\u00edfica, at\u00e9 o limite de 40% (quarenta por cento);<\/span><span style=\"font-weight: 400;\"><br \/>\n<\/span><span style=\"font-weight: 400;\">b) 5% (cinco por cento) para cada caso de reincid\u00eancia gen\u00e9rica, at\u00e9 o limite de 20% (vinte porcento);<\/span><span style=\"font-weight: 400;\"><br \/>\n<\/span><span style=\"font-weight: 400;\">c) 20% (vinte por cento) para cada medida de orienta\u00e7\u00e3o ou preventiva descumprida no processo de fiscaliza\u00e7\u00e3o ou do procedimento preparat\u00f3rio que precedeu o processo administrativo sancionador, at\u00e9 o limite de 80% (oitenta por cento); e<\/span> <span style=\"font-weight: 400;\"><br \/>\n<\/span><span style=\"font-weight: 400;\">d) 30% (trinta por cento) para cada medida corretiva descumprida, at\u00e9 o limite de 90%(noventa por cento).<\/span> <span style=\"font-weight: 400;\">Na hip\u00f3tese de incid\u00eancia de mais de uma circunst\u00e2ncia agravante dever\u00e3o ser somados os percentuais relativos a cada fator.<\/span><\/p>\n<p><b>12. Quais s\u00e3o as circunst\u00e2ncias atenuantes?<\/b><\/p>\n<p><span style=\"font-weight: 400;\">O valor da multa simples ser\u00e1 reduzido, nos percentuais abaixo, caso incidam as seguintes circunst\u00e2ncias atenuantes:<\/span><\/p>\n<p><span style=\"font-weight: 400;\">a) nos casos de cessa\u00e7\u00e3o da infra\u00e7\u00e3o:<\/span><\/p>\n<ul>\n<li style=\"font-weight: 400;\" aria-level=\"1\"><span style=\"font-weight: 400;\">75% (setenta e cinco por cento), se previamente \u00e0 instaura\u00e7\u00e3o de procedimento preparat\u00f3rio pela ANPD;<\/span><\/li>\n<li style=\"font-weight: 400;\" aria-level=\"1\"><span style=\"font-weight: 400;\">50% (cinquenta por cento), se ap\u00f3s a instaura\u00e7\u00e3o de procedimento preparat\u00f3rio e at\u00e9 a instaura\u00e7\u00e3o de processo administrativo sancionador; ou<\/span><\/li>\n<li style=\"font-weight: 400;\" aria-level=\"1\"><span style=\"font-weight: 400;\">30% (trinta por cento), se ap\u00f3s a instaura\u00e7\u00e3o de processo administrativo sancionador e at\u00e9 a prola\u00e7\u00e3o da decis\u00e3o de primeira inst\u00e2ncia no \u00e2mbito do processo administrativo sancionador;<\/span><\/li>\n<\/ul>\n<p>&nbsp;<\/p>\n<p><span style=\"font-weight: 400;\">b) 20% (vinte por cento), nos casos de implementa\u00e7\u00e3o de pol\u00edtica de boas pr\u00e1ticas e de governan\u00e7a ou de ado\u00e7\u00e3o reiterada e demonstrada de mecanismos e procedimentos internos capazes de minimizar os danos aos titulares, voltados ao tratamento seguro e adequado de dados, at\u00e9 a prola\u00e7\u00e3o da decis\u00e3o de primeira inst\u00e2ncia no \u00e2mbito do processo administrativo sancionador;<\/span><\/p>\n<p><span style=\"font-weight: 400;\">c) nos casos em que o infrator tenha comprovado a implementa\u00e7\u00e3o de medidas capazes de reverter ou mitigar os efeitos da infra\u00e7\u00e3o sobre os titulares de dados pessoais afetados:<\/span><\/p>\n<ul>\n<li style=\"font-weight: 400;\" aria-level=\"1\"><span style=\"font-weight: 400;\">20% (vinte por cento), previamente \u00e0 instaura\u00e7\u00e3o de procedimento preparat\u00f3rio ou processo administrativo sancionador pela ANPD; ou<\/span><\/li>\n<li style=\"font-weight: 400;\" aria-level=\"1\"><span style=\"font-weight: 400;\">10% (dez por cento), se ap\u00f3s a instaura\u00e7\u00e3o de procedimento preparat\u00f3rio e at\u00e9 a instaura\u00e7\u00e3o de processo administrativo sancionador; <\/span><\/li>\n<\/ul>\n<p><span style=\"font-weight: 400;\">d) 5% (cinco por cento), nos casos em que se verifique a coopera\u00e7\u00e3o ou boa-f\u00e9 por parte do infrator.<\/span><\/p>\n<p><span style=\"font-weight: 400;\">Para efeito das al\u00edneas \u201ca\u201d e \u201cb\u201d, n\u00e3o ser\u00e3o consideradas atenuantes a cessa\u00e7\u00e3o da infra\u00e7\u00e3o e a ado\u00e7\u00e3o de medidas capazes de reverter ou mitigar os efeitos da infra\u00e7\u00e3o decorrentes do mero cumprimento de determina\u00e7\u00e3o administrativa ou judicial.<\/span><\/p>\n<p><span style=\"font-weight: 400;\">Na hip\u00f3tese de incid\u00eancia de mais de uma circunst\u00e2ncia atenuante, dever\u00e3o ser somados os percentuais relativos a cada fator.<\/span><\/p>\n<p><span style=\"font-weight: 400;\">Cabe ao infrator o \u00f4nus de comprovar perante a ANPD o cumprimento dos requisitos citados.<\/span><\/p>\n<p><b>13. Informa\u00e7\u00f5es importantes sobre o resultado da aplica\u00e7\u00e3o de circunst\u00e2ncias atenuantes ou agravantes:<\/b><\/p>\n<p><span style=\"font-weight: 400;\">O resultado da aplica\u00e7\u00e3o das circunst\u00e2ncias atenuantes ou agravantes<\/span> <span style=\"font-weight: 400;\">n\u00e3o poder\u00e1 ser inferior aos valores m\u00ednimos abaixo, exceto para os casos em que a vantagem auferida ou pretendida pelo infrator seja estim\u00e1vel, aplicando-se, neste caso, o dobro da vantagem econ\u00f4mica decorrente da infra\u00e7\u00e3o. Bem como ser\u00e1 limitado a 2% (dois por cento) do faturamento da pessoa jur\u00eddica de direito privado, grupo ou conglomerado de empresas no Brasil no seu \u00faltimo exerc\u00edcio, exclu\u00eddos os tributos, ou a R$50.000.000,00 (cinquenta milh\u00f5es de reais).<\/span> <span style=\"font-weight: 400;\"><br \/>\n<\/span><span style=\"font-weight: 400;\"><br \/>\n<\/span><\/p>\n<p><b>14. Outros conceitos de acordo com o Regulamento:<\/b><\/p>\n<p>&nbsp;<\/p>\n<table>\n<tbody>\n<tr>\n<td><b>Grupo ou conglomerado de empresas<\/b><\/td>\n<td><span style=\"font-weight: 400;\">Conjunto de empresas de fato ou de direito com personalidades jur\u00eddicas pr\u00f3prias, sob dire\u00e7\u00e3o, controle ou administra\u00e7\u00e3o de uma pessoa natural ou jur\u00eddica ou ainda grupo de pessoas que det\u00eam, isolada ou conjuntamente, poder de controle sobre as demais, desde que demonstrado interesse integrado, efetiva comunh\u00e3o de interesses e atua\u00e7\u00e3o conjuntadas empresas dele integrantes.<\/span><\/td>\n<\/tr>\n<tr>\n<td><b>Infra\u00e7\u00e3o<\/b><\/td>\n<td><span style=\"font-weight: 400;\">Descumprimento de obriga\u00e7\u00e3o estabelecida na LGPD e nos regulamentos expedidos pela ANPD.<\/span><\/td>\n<\/tr>\n<tr>\n<td><b>Infra\u00e7\u00e3o permanente<\/b><\/td>\n<td><span style=\"font-weight: 400;\">Conduta infrativa que se prolonga no tempo, mediante a\u00e7\u00e3o ou omiss\u00e3o do infrator referente ao mesmo dispositivo normativo.<\/span><\/td>\n<\/tr>\n<tr>\n<td><b>Infrator<\/b><\/td>\n<td><span style=\"font-weight: 400;\">Agente de tratamento que comete infra\u00e7\u00e3o.<\/span><\/td>\n<\/tr>\n<tr>\n<td>&nbsp;<\/p>\n<p>&nbsp;<\/p>\n<p><b>Medidas corretivas<\/b><\/td>\n<td><span style=\"font-weight: 400;\">Medidas determinadas pela ANPD com a <\/span><span style=\"font-weight: 400;\">fi<\/span><span style=\"font-weight: 400;\">nalidade de corrigir a infra\u00e7\u00e3o e reconduzir o infrator \u00e0 plena conformidade \u00e0 LGPD e aos regulamentos expedidos pela ANPD, devendo ser aplicadas conjuntamente com a san\u00e7\u00e3o de advert\u00eancia.<\/span><\/td>\n<\/tr>\n<tr>\n<td><b>Pol\u00edtica de boas pr\u00e1ticas e de governan\u00e7a<\/b><\/td>\n<td><span style=\"font-weight: 400;\">Normas e processos internos que assegurem o cumprimento abrangente da legisla\u00e7\u00e3o de prote\u00e7\u00e3o de dados pessoais, estabelecidos e implementados pelo agente de tratamento mediante a ado\u00e7\u00e3o de regras de boas pr\u00e1ticas e de governan\u00e7a, ou programa de governan\u00e7a em privacidade.<\/span><\/td>\n<\/tr>\n<tr>\n<td><b>Ramo de atividade empresarial<\/b><\/td>\n<td><span style=\"font-weight: 400;\">\u00c1rea de atua\u00e7\u00e3o de empresa, grupo ou conglomerado de empresas, conforme de<\/span><span style=\"font-weight: 400;\">fi<\/span><span style=\"font-weight: 400;\">nido pela ANPD e veri<\/span><span style=\"font-weight: 400;\">fi<\/span><span style=\"font-weight: 400;\">cado no caso concreto, podendo ser comprovada mediante objeto social, c\u00f3digo de Classi<\/span><span style=\"font-weight: 400;\">fi<\/span><span style=\"font-weight: 400;\">ca\u00e7\u00e3o Nacional de Atividades Econ\u00f4micas (CNAE), c\u00f3digo de servi\u00e7o diretamente relacionado, ou instrumentos cong\u00eaneres.<\/span><\/td>\n<\/tr>\n<tr>\n<td><b>Reincid\u00eancia espec\u00edfica<\/b><\/td>\n<td><span style=\"font-weight: 400;\">Repeti\u00e7\u00e3o de infra\u00e7\u00e3o pelo mesmo infrator ao mesmo dispositivo <\/span><span style=\"font-weight: 400;\">legal ou regulamentar, no per\u00edodo de 5 (cinco) anos, contado do tr\u00e2nsito em julgado do processo administrativo sancionador, at\u00e9 a data do cometimento da nova infra\u00e7\u00e3o.<\/span><\/td>\n<\/tr>\n<tr>\n<td><b>Reincid\u00eancia gen\u00e9rica<\/b><\/td>\n<td><span style=\"font-weight: 400;\">Cometimento de infra\u00e7\u00e3o pelo mesmo infrator, independentemente do dispositivo legal ou regulamentar, no per\u00edodo de 5 (cinco) anos, contado do tr\u00e2nsito em julgado do processo administrativo sancionador at\u00e9 a data do cometimento da nova infra\u00e7\u00e3o, exclu\u00edda a reincid\u00eancia espec\u00edfica.<\/span><\/td>\n<\/tr>\n<tr>\n<td><b>Tr\u00e2nsito em julgado<\/b><\/td>\n<td><span style=\"font-weight: 400;\">Atributo de decis\u00e3o de<\/span><span style=\"font-weight: 400;\">fi<\/span><span style=\"font-weight: 400;\">nitiva proferida em processo administrativo sancionador, no \u00e2mbito da ANPD, tornando-a imut\u00e1vel e indiscut\u00edvel dentro do processo em que foi proferida.<\/span><\/td>\n<\/tr>\n<\/tbody>\n<\/table>\n<p>&nbsp;<\/p>\n<p><b>CONTATE-NOS!<\/b><\/p>\n<p><b>Caso voc\u00ea possua d\u00favidas a respeito do Regulamento de Dosimetria e Aplica\u00e7\u00e3o de San\u00e7\u00f5es Administrativas da LGPD ou deseje mais informa\u00e7\u00f5es, entre em contato conosco atrav\u00e9s dos seguintes canais de atendimento:<\/b><\/p>\n<p>&nbsp;<\/p>\n<p><b>WhatsApp: <\/b><span style=\"font-weight: 400;\">(83) 9 9889-5139<\/span><b><br \/>\n<\/b><b>Telefone: <\/b><span style=\"font-weight: 400;\">(83) 3077-2107<\/span><\/p>\n<p><b>E-mail: <\/b><span style=\"font-weight: 400;\">contato@lealqueiroz.adv.br<\/span><\/p>\n<p>&nbsp;<\/p>\n<p>&nbsp;<\/p>\n<table>\n<tbody>\n<tr>\n<td><b>\u00a0 \u00a0 Allan de Queiroz Ramos<\/b><\/p>\n<p><i><span style=\"font-weight: 400;\">OAB\/PB 20.574<\/span><\/i><\/td>\n<td><b>\u00a0 \u00a0 \u00a0 \u00a0 \u00a0 \u00a0 \u00a0 \u00a0 \u00a0 Andrezza Melo de Almeida<\/b><\/p>\n<p><i><span style=\"font-weight: 400;\">\u00a0\u00a0\u00a0\u00a0\u00a0\u00a0\u00a0\u00a0\u00a0\u00a0\u00a0\u00a0\u00a0OAB\/PB 13.260<\/span><\/i><\/td>\n<\/tr>\n<\/tbody>\n<\/table>\n<p><b>Darah Let\u00edcia Melo Lucena<\/b><\/p>\n<p><i><span style=\"font-weight: 400;\">OAB\/PB 29.873<\/span><\/i><\/p>\n<p>&nbsp;<\/p>\n<p>&nbsp;<\/p>\n","protected":false},"excerpt":{"rendered":"<p>No dia 27 de fevereiro de 2023, a Autoridade Nacional de Prote\u00e7\u00e3o de Dados (ANPD) publicou o Regulamento de Dosimetria e Aplica\u00e7\u00e3o de San\u00e7\u00f5es Administrativas, que visa estabelecer par\u00e2metros e crit\u00e9rios para aplica\u00e7\u00e3o de penalidades por descumprimento \u00e0 Lei Geral de Prote\u00e7\u00e3o de Dados (LGPD). O Regulamento estabelece as circunst\u00e2ncias, condi\u00e7\u00f5es e m\u00e9todos de aplica\u00e7\u00e3o [&hellip;]<\/p>\n","protected":false},"author":7,"featured_media":1390,"comment_status":"closed","ping_status":"open","sticky":false,"template":"","format":"standard","meta":{"_acf_changed":false,"footnotes":""},"categories":[3],"tags":[],"class_list":["post-1389","post","type-post","status-publish","format-standard","has-post-thumbnail","hentry","category-artigos"],"acf":[],"_links":{"self":[{"href":"https:\/\/lealqueiroz.adv.br\/index.php?rest_route=\/wp\/v2\/posts\/1389","targetHints":{"allow":["GET"]}}],"collection":[{"href":"https:\/\/lealqueiroz.adv.br\/index.php?rest_route=\/wp\/v2\/posts"}],"about":[{"href":"https:\/\/lealqueiroz.adv.br\/index.php?rest_route=\/wp\/v2\/types\/post"}],"author":[{"embeddable":true,"href":"https:\/\/lealqueiroz.adv.br\/index.php?rest_route=\/wp\/v2\/users\/7"}],"replies":[{"embeddable":true,"href":"https:\/\/lealqueiroz.adv.br\/index.php?rest_route=%2Fwp%2Fv2%2Fcomments&post=1389"}],"version-history":[{"count":3,"href":"https:\/\/lealqueiroz.adv.br\/index.php?rest_route=\/wp\/v2\/posts\/1389\/revisions"}],"predecessor-version":[{"id":1394,"href":"https:\/\/lealqueiroz.adv.br\/index.php?rest_route=\/wp\/v2\/posts\/1389\/revisions\/1394"}],"wp:featuredmedia":[{"embeddable":true,"href":"https:\/\/lealqueiroz.adv.br\/index.php?rest_route=\/wp\/v2\/media\/1390"}],"wp:attachment":[{"href":"https:\/\/lealqueiroz.adv.br\/index.php?rest_route=%2Fwp%2Fv2%2Fmedia&parent=1389"}],"wp:term":[{"taxonomy":"category","embeddable":true,"href":"https:\/\/lealqueiroz.adv.br\/index.php?rest_route=%2Fwp%2Fv2%2Fcategories&post=1389"},{"taxonomy":"post_tag","embeddable":true,"href":"https:\/\/lealqueiroz.adv.br\/index.php?rest_route=%2Fwp%2Fv2%2Ftags&post=1389"}],"curies":[{"name":"wp","href":"https:\/\/api.w.org\/{rel}","templated":true}]}}