{"id":1366,"date":"2023-04-03T16:37:51","date_gmt":"2023-04-03T19:37:51","guid":{"rendered":"https:\/\/lealqueiroz.adv.br\/?p=1366"},"modified":"2023-10-25T00:33:23","modified_gmt":"2023-10-25T03:33:23","slug":"stf-isenta-doacoes-e-herancas-tributadas-por-itcmd-do-pagamento-de-ir","status":"publish","type":"post","link":"https:\/\/lealqueiroz.adv.br\/?p=1366","title":{"rendered":"STF isenta doa\u00e7\u00f5es e heran\u00e7as tributadas por ITCMD do pagamento de IR"},"content":{"rendered":"<p><span style=\"font-weight: 400;\">O Supremo Tribunal Federal (STF) proferiu uma importante decis\u00e3o para os\u00a0 contribuintes brasileiros ao determinar que n\u00e3o \u00e9 poss\u00edvel cobrar Imposto de Renda (IR)\u00a0 sobre doa\u00e7\u00f5es e heran\u00e7as j\u00e1 tributadas pelo Imposto sobre Transmiss\u00e3o &#8220;Causa Mortis&#8221; e\u00a0 Doa\u00e7\u00e3o (ITCMD). A decis\u00e3o foi un\u00e2nime e tem efeito vinculante, o que significa que deve\u00a0 ser seguida por todos os \u00f3rg\u00e3os do Judici\u00e1rio.\u00a0<\/span><\/p>\n<p><span style=\"font-weight: 400;\">O ITCMD \u00e9 um imposto estadual que incide sobre a transfer\u00eancia de bens e direitos\u00a0 por doa\u00e7\u00e3o ou heran\u00e7a. A legisla\u00e7\u00e3o estabelece que esse imposto \u00e9 devido tanto no momento\u00a0 da doa\u00e7\u00e3o quanto no momento da morte do doador ou propriet\u00e1rio do bem. No entanto,\u00a0 algumas autoridades fiscais passaram a entender que a tributa\u00e7\u00e3o pelo ITCMD n\u00e3o afastaria a\u00a0 incid\u00eancia do IR sobre o mesmo valor, o que gerou uma s\u00e9rie de discuss\u00f5es judiciais sobre o\u00a0 tema.\u00a0<\/span><\/p>\n<p><span style=\"font-weight: 400;\">A quest\u00e3o foi levada ao STF pela Procuradoria-Geral da Fazenda Nacional (PGFN)\u00a0 em uma a\u00e7\u00e3o contra a interpreta\u00e7\u00e3o do Superior Tribunal de Justi\u00e7a (STJ), que j\u00e1 havia se\u00a0 posicionado a favor dos contribuintes. A decis\u00e3o do STF confirma a posi\u00e7\u00e3o do STJ e afasta a\u00a0 possibilidade de dupla tributa\u00e7\u00e3o sobre o mesmo fato gerador.\u00a0<\/span><\/p>\n<p><span style=\"font-weight: 400;\">A decis\u00e3o do STF traz seguran\u00e7a jur\u00eddica para os contribuintes e impede que o\u00a0 Estado cobre duas vezes pelo mesmo fato gerador, sendo um avan\u00e7o na justi\u00e7a fiscal e\u00a0 refor\u00e7ando a import\u00e2ncia de se respeitar os limites constitucionais da tributa\u00e7\u00e3o.\u00a0<\/span><\/p>\n<p><span style=\"font-weight: 400;\">Por outro lado, a decis\u00e3o deve ter um impacto significativo sobre as finan\u00e7as dos\u00a0 estados, que deixar\u00e3o de arrecadar o IR sobre essas doa\u00e7\u00f5es e heran\u00e7as. No entanto, \u00e9\u00a0 importante destacar que a decis\u00e3o do STF n\u00e3o afeta a incid\u00eancia do IR sobre doa\u00e7\u00f5es e\u00a0 heran\u00e7as que n\u00e3o foram tributadas pelo ITCMD, nem a cobran\u00e7a de outros impostos que\u00a0 incidem sobre a transfer\u00eancia de bens e direitos, como o Imposto de Transmiss\u00e3o de Bens\u00a0 Im\u00f3veis (ITBI) ou o ganho de capital.\u00a0<\/span><\/p>\n<p><span style=\"font-weight: 400;\">Por fim, \u00e9 preciso estar atento aos detalhes e buscar orienta\u00e7\u00e3o profissional para\u00a0 garantir a correta aplica\u00e7\u00e3o da legisla\u00e7\u00e3o tribut\u00e1ria e outras. Nunca foi t\u00e3o urgente realizar um\u00a0 planejamento de prote\u00e7\u00e3o patrimonial para os seus neg\u00f3cios!\u00a0<\/span><\/p>\n<p><span style=\"font-weight: 400;\">Restaram questionamentos sobre o tema? Entre em contato conosco, a nossa equipe\u00a0 est\u00e1 \u00e0 disposi\u00e7\u00e3o para te auxiliar com uma assessoria jur\u00eddica preventiva e reparadora.\u00a0<\/span><\/p>\n<p>&nbsp;<\/p>\n<p><strong>Mariah Eduarda Nunes Medeiros de Luna\u00a0<\/strong><\/p>\n<h4><em><span style=\"font-weight: 400;\">Acad\u00eamica do curso de Direito<\/span><\/em><\/h4>\n","protected":false},"excerpt":{"rendered":"<p>O Supremo Tribunal Federal (STF) proferiu uma importante decis\u00e3o para os\u00a0 contribuintes brasileiros ao determinar que n\u00e3o \u00e9 poss\u00edvel cobrar Imposto de Renda (IR)\u00a0 sobre doa\u00e7\u00f5es e heran\u00e7as j\u00e1 tributadas pelo Imposto sobre Transmiss\u00e3o &#8220;Causa Mortis&#8221; e\u00a0 Doa\u00e7\u00e3o (ITCMD). A decis\u00e3o foi un\u00e2nime e tem efeito vinculante, o que significa que deve\u00a0 ser seguida por [&hellip;]<\/p>\n","protected":false},"author":7,"featured_media":1369,"comment_status":"closed","ping_status":"open","sticky":false,"template":"","format":"standard","meta":{"_acf_changed":false,"footnotes":""},"categories":[3],"tags":[],"class_list":["post-1366","post","type-post","status-publish","format-standard","has-post-thumbnail","hentry","category-artigos"],"acf":[],"_links":{"self":[{"href":"https:\/\/lealqueiroz.adv.br\/index.php?rest_route=\/wp\/v2\/posts\/1366","targetHints":{"allow":["GET"]}}],"collection":[{"href":"https:\/\/lealqueiroz.adv.br\/index.php?rest_route=\/wp\/v2\/posts"}],"about":[{"href":"https:\/\/lealqueiroz.adv.br\/index.php?rest_route=\/wp\/v2\/types\/post"}],"author":[{"embeddable":true,"href":"https:\/\/lealqueiroz.adv.br\/index.php?rest_route=\/wp\/v2\/users\/7"}],"replies":[{"embeddable":true,"href":"https:\/\/lealqueiroz.adv.br\/index.php?rest_route=%2Fwp%2Fv2%2Fcomments&post=1366"}],"version-history":[{"count":1,"href":"https:\/\/lealqueiroz.adv.br\/index.php?rest_route=\/wp\/v2\/posts\/1366\/revisions"}],"predecessor-version":[{"id":1370,"href":"https:\/\/lealqueiroz.adv.br\/index.php?rest_route=\/wp\/v2\/posts\/1366\/revisions\/1370"}],"wp:featuredmedia":[{"embeddable":true,"href":"https:\/\/lealqueiroz.adv.br\/index.php?rest_route=\/wp\/v2\/media\/1369"}],"wp:attachment":[{"href":"https:\/\/lealqueiroz.adv.br\/index.php?rest_route=%2Fwp%2Fv2%2Fmedia&parent=1366"}],"wp:term":[{"taxonomy":"category","embeddable":true,"href":"https:\/\/lealqueiroz.adv.br\/index.php?rest_route=%2Fwp%2Fv2%2Fcategories&post=1366"},{"taxonomy":"post_tag","embeddable":true,"href":"https:\/\/lealqueiroz.adv.br\/index.php?rest_route=%2Fwp%2Fv2%2Ftags&post=1366"}],"curies":[{"name":"wp","href":"https:\/\/api.w.org\/{rel}","templated":true}]}}