{"id":1361,"date":"2023-03-20T16:11:35","date_gmt":"2023-03-20T19:11:35","guid":{"rendered":"https:\/\/lealqueiroz.adv.br\/?p=1361"},"modified":"2023-10-25T00:33:20","modified_gmt":"2023-10-25T03:33:20","slug":"informativo-juridico-leal-queiroz-anvisa-autoriza-retorno-de-pomadas-capilares","status":"publish","type":"post","link":"https:\/\/lealqueiroz.adv.br\/?p=1361","title":{"rendered":"Informativo Jur\u00eddico Leal Queiroz &#8211;  Anvisa autoriza retorno de pomadas capilares"},"content":{"rendered":"<p style=\"text-align: right;\"><span style=\"font-weight: 400;\">Campina Grande \u2013 PB, 20 de mar\u00e7o de 2023<\/span><\/p>\n<p>&nbsp;<\/p>\n<p><span style=\"font-weight: 400;\">\u00c9 fato p\u00fablico que desde o dia 17 de mar\u00e7o de 2023, fora publicado pela Ag\u00eancia Nacional\u00a0 de Vigil\u00e2ncia <\/span>Sanit\u00e1ria, <b>ANVISA, a Resolu\u00e7\u00e3o n.\u00ba 914, a qual definiu uma lista de pomadas\u00a0 para tran\u00e7ar, modelar ou fixar cabelos, que tiveram sua autoriza\u00e7\u00e3o de retorno ao mercado liberadas, <\/b>contudo, o \u00f3rg\u00e3o manteve a interdi\u00e7\u00e3o cautelar de todos os produtos n\u00e3o inclu\u00eddos na\u00a0 lista, mediante os relatos de efeitos adversos graves de correntes do uso.<\/p>\n<p><span style=\"font-weight: 400;\">Desse modo, a ANVISA apesar da continuidade na investiga\u00e7\u00e3o sobre quais produtos est\u00e3o\u00a0 causando efeitos adversos, <\/span><b>permitiu a disponibiliza\u00e7\u00e3o de pomadas ao mercado que\u00a0 contenham menos de 20% (vinte porcento) de Ceteareth-20, <\/b><span style=\"font-weight: 400;\">composto qu\u00edmico j\u00e1 bastante\u00a0 utilizado em produtos de cosm\u00e9ticos.\u00a0<\/span><\/p>\n<p><span style=\"font-weight: 400;\">Assim, conforme se observa atrav\u00e9s de lista disponibilizada no site da ANVISA, \u00e9 poss\u00edvel\u00a0 identificar uma enormidade de produtos (nome do produto, empresa, CNPJ) que voltaram a ser\u00a0 permitidos sua comercializa\u00e7\u00e3o no mercado, os quais podem ser conferidos acessando o link:\u00a0 https:\/\/www.gov.br\/anvisa\/pt-br\/assuntos\/cosmeticos\/pomadas\/pomadas-autorizadas\u00a0<\/span><\/p>\n<p><span style=\"font-weight: 400;\">Diante do exposto, a \u00e1rea de preven\u00e7\u00e3o e compliance da Leal Queiroz, objetivando dar\u00a0 ci\u00eancia acerca da presente atualiza\u00e7\u00e3o nas determina\u00e7\u00f5es da ANVISA, em vistas da repercuss\u00e3o\u00a0 para as empresas fabricantes ou comerciantes de todo o pa\u00eds, comunica a todos os seus clientes os\u00a0 pontos acima listados, notadamente quanto a libera\u00e7\u00e3o de listagem de pomadas para tran\u00e7ar,\u00a0 modelar ou fixar cabelos, que poder\u00e3o voltar a ser comercializadas.\u00a0<\/span><span style=\"font-weight: 400;\"><br \/>\n<\/span><\/p>\n<p><b>Allan de Queiroz Ramos\u00a0 <\/b><\/p>\n<p><i><span style=\"font-weight: 400;\">Advogado Corporativo\u00a0<\/span><\/i><\/p>\n<p>&nbsp;<\/p>\n<p><b>Jessica Leal Almeida Rocha Cavalcanti <\/b><\/p>\n<p><i><span style=\"font-weight: 400;\">Advogada Corporativa<\/span><\/i><\/p>\n<p>&nbsp;<\/p>\n<p><b>Kamila Kelly dos Santos <\/b><\/p>\n<p><i><span style=\"font-weight: 400;\">Advogada Corporativa\u00a0<\/span><\/i><\/p>\n<p>&nbsp;<\/p>\n<p><b>Luiz Moura da Costa Neto <\/b><\/p>\n<p><i><span style=\"font-weight: 400;\">Estagi\u00e1rio<\/span><\/i><\/p>\n<p>&nbsp;<\/p>\n<p><a href=\"https:\/\/lealqueiroz.adv.br\/wp-content\/uploads\/2023\/04\/INFORMATIVO-JURIDICO-LEAL-QUEIROZ-LIBERACAO-DA-COMERCIALIZACAO-DE-POMADAS-PARA-CABECO-ANVISA.pdf\">INFORMATIVO JUR\u00cdDICO LEAL QUEIROZ COMPLETO<\/a><\/p>\n","protected":false},"excerpt":{"rendered":"<p>Campina Grande \u2013 PB, 20 de mar\u00e7o de 2023 &nbsp; \u00c9 fato p\u00fablico que desde o dia 17 de mar\u00e7o de 2023, fora publicado pela Ag\u00eancia Nacional\u00a0 de Vigil\u00e2ncia Sanit\u00e1ria, ANVISA, a Resolu\u00e7\u00e3o n.\u00ba 914, a qual definiu uma lista de pomadas\u00a0 para tran\u00e7ar, modelar ou fixar cabelos, que tiveram sua autoriza\u00e7\u00e3o de retorno ao [&hellip;]<\/p>\n","protected":false},"author":7,"featured_media":1362,"comment_status":"closed","ping_status":"open","sticky":false,"template":"","format":"standard","meta":{"_acf_changed":false,"footnotes":""},"categories":[3],"tags":[],"class_list":["post-1361","post","type-post","status-publish","format-standard","has-post-thumbnail","hentry","category-artigos"],"acf":[],"_links":{"self":[{"href":"https:\/\/lealqueiroz.adv.br\/index.php?rest_route=\/wp\/v2\/posts\/1361","targetHints":{"allow":["GET"]}}],"collection":[{"href":"https:\/\/lealqueiroz.adv.br\/index.php?rest_route=\/wp\/v2\/posts"}],"about":[{"href":"https:\/\/lealqueiroz.adv.br\/index.php?rest_route=\/wp\/v2\/types\/post"}],"author":[{"embeddable":true,"href":"https:\/\/lealqueiroz.adv.br\/index.php?rest_route=\/wp\/v2\/users\/7"}],"replies":[{"embeddable":true,"href":"https:\/\/lealqueiroz.adv.br\/index.php?rest_route=%2Fwp%2Fv2%2Fcomments&post=1361"}],"version-history":[{"count":2,"href":"https:\/\/lealqueiroz.adv.br\/index.php?rest_route=\/wp\/v2\/posts\/1361\/revisions"}],"predecessor-version":[{"id":1648,"href":"https:\/\/lealqueiroz.adv.br\/index.php?rest_route=\/wp\/v2\/posts\/1361\/revisions\/1648"}],"wp:featuredmedia":[{"embeddable":true,"href":"https:\/\/lealqueiroz.adv.br\/index.php?rest_route=\/wp\/v2\/media\/1362"}],"wp:attachment":[{"href":"https:\/\/lealqueiroz.adv.br\/index.php?rest_route=%2Fwp%2Fv2%2Fmedia&parent=1361"}],"wp:term":[{"taxonomy":"category","embeddable":true,"href":"https:\/\/lealqueiroz.adv.br\/index.php?rest_route=%2Fwp%2Fv2%2Fcategories&post=1361"},{"taxonomy":"post_tag","embeddable":true,"href":"https:\/\/lealqueiroz.adv.br\/index.php?rest_route=%2Fwp%2Fv2%2Ftags&post=1361"}],"curies":[{"name":"wp","href":"https:\/\/api.w.org\/{rel}","templated":true}]}}