{"id":1200,"date":"2022-12-22T10:05:16","date_gmt":"2022-12-22T13:05:16","guid":{"rendered":"https:\/\/lealqueiroz.adv.br\/?p=1200"},"modified":"2023-10-25T00:32:41","modified_gmt":"2023-10-25T03:32:41","slug":"empresas-terao-de-inserir-condenacoes-trabalhistas-no-esocial","status":"publish","type":"post","link":"https:\/\/lealqueiroz.adv.br\/?p=1200","title":{"rendered":"Empresas ter\u00e3o de inserir condena\u00e7\u00f5es trabalhistas no eSocial"},"content":{"rendered":"<p>A partir de 16 de janeiro do ano que vem, as empresas ter\u00e3o de inserir no eSocial (sistema de registro de informa\u00e7\u00f5es dos trabalhadores brasileiros) dados de praticamente todas as condena\u00e7\u00f5es definitivas na Justi\u00e7a do Trabalho. Tamb\u00e9m ser\u00e1 obrigat\u00f3rio informar acordos firmados com ex-empregados.<\/p>\n<p><img decoding=\"async\" class=\"direita alignright\" src=\"https:\/\/www.conjur.com.br\/img\/b\/esocial.jpeg\" alt=\"\" width=\"300\" \/>Segundo as regras do manual da nova vers\u00e3o do eSocial (Vers\u00e3o S-1.1), as empresas dever\u00e3o registrar casos \u2014 a\u00e7\u00f5es e acordos celebrados nas Comiss\u00f5es de Concilia\u00e7\u00e3o Pr\u00e9via (CCP) e nos N\u00facleos Intersindicais (Ninter) \u2014 conclu\u00eddos a partir de 1\u00ba de janeiro de 2023.<\/p>\n<p>As empresas tamb\u00e9m ter\u00e3o de informar dados dos processos em que foram condenadas de forma solid\u00e1ria ou subsidi\u00e1ria. Tamb\u00e9m ser\u00e3o exigidas informa\u00e7\u00f5es sobre o per\u00edodo em que o funcion\u00e1rio trabalhou na empresa, remunera\u00e7\u00e3o mensal, pedidos do processo e o que diz a condena\u00e7\u00e3o, al\u00e9m da base de c\u00e1lculo do FGTS e da contribui\u00e7\u00e3o previdenci\u00e1ria.<\/p>\n<p>O prazo para que as empresas apresentem essas informa\u00e7\u00f5es termina no 15\u00ba dia do m\u00eas subsequente \u00e0 decis\u00e3o ou ao acordo homologado.<\/p>\n<p>Em nota enviada ao jornal\u00a0<em>Valor Econ\u00f4mico<\/em>, o\u00a0Minist\u00e9rio do Trabalho afirmou que &#8220;a implanta\u00e7\u00e3o beneficiar\u00e1 os empregadores, reduzindo o tempo despendido na declara\u00e7\u00e3o das informa\u00e7\u00f5es de processos judiciais trabalhistas. Vai evitar, por exemplo, que o empregador reabra e reprocesse as folhas de pagamento relativas a v\u00e1rias compet\u00eancias apenas para incluir diferen\u00e7as salariais de um trabalhador&#8221;.<\/p>\n<p>A Receita Federal, por sua vez, diz que a novidade vai aumentar a seguran\u00e7a de todo o processo e melhorar a qualidade das informa\u00e7\u00f5es prestadas.<\/p>\n<p><a href=\"https:\/\/www.conjur.com.br\/2022-dez-19\/empresas-terao-inserir-condenacoes-trabalhistas-esocial\">Fonte<\/a><\/p>\n","protected":false},"excerpt":{"rendered":"<p>A partir de 16 de janeiro do ano que vem, as empresas ter\u00e3o de inserir no eSocial (sistema de registro de informa\u00e7\u00f5es dos trabalhadores brasileiros) dados de praticamente todas as condena\u00e7\u00f5es definitivas na Justi\u00e7a do Trabalho. Tamb\u00e9m ser\u00e1 obrigat\u00f3rio informar acordos firmados com ex-empregados. Segundo as regras do manual da nova vers\u00e3o do eSocial (Vers\u00e3o [&hellip;]<\/p>\n","protected":false},"author":7,"featured_media":1203,"comment_status":"closed","ping_status":"open","sticky":false,"template":"","format":"standard","meta":{"_acf_changed":false,"footnotes":""},"categories":[4],"tags":[],"class_list":["post-1200","post","type-post","status-publish","format-standard","has-post-thumbnail","hentry","category-noticias"],"acf":[],"_links":{"self":[{"href":"https:\/\/lealqueiroz.adv.br\/index.php?rest_route=\/wp\/v2\/posts\/1200","targetHints":{"allow":["GET"]}}],"collection":[{"href":"https:\/\/lealqueiroz.adv.br\/index.php?rest_route=\/wp\/v2\/posts"}],"about":[{"href":"https:\/\/lealqueiroz.adv.br\/index.php?rest_route=\/wp\/v2\/types\/post"}],"author":[{"embeddable":true,"href":"https:\/\/lealqueiroz.adv.br\/index.php?rest_route=\/wp\/v2\/users\/7"}],"replies":[{"embeddable":true,"href":"https:\/\/lealqueiroz.adv.br\/index.php?rest_route=%2Fwp%2Fv2%2Fcomments&post=1200"}],"version-history":[{"count":1,"href":"https:\/\/lealqueiroz.adv.br\/index.php?rest_route=\/wp\/v2\/posts\/1200\/revisions"}],"predecessor-version":[{"id":1205,"href":"https:\/\/lealqueiroz.adv.br\/index.php?rest_route=\/wp\/v2\/posts\/1200\/revisions\/1205"}],"wp:featuredmedia":[{"embeddable":true,"href":"https:\/\/lealqueiroz.adv.br\/index.php?rest_route=\/wp\/v2\/media\/1203"}],"wp:attachment":[{"href":"https:\/\/lealqueiroz.adv.br\/index.php?rest_route=%2Fwp%2Fv2%2Fmedia&parent=1200"}],"wp:term":[{"taxonomy":"category","embeddable":true,"href":"https:\/\/lealqueiroz.adv.br\/index.php?rest_route=%2Fwp%2Fv2%2Fcategories&post=1200"},{"taxonomy":"post_tag","embeddable":true,"href":"https:\/\/lealqueiroz.adv.br\/index.php?rest_route=%2Fwp%2Fv2%2Ftags&post=1200"}],"curies":[{"name":"wp","href":"https:\/\/api.w.org\/{rel}","templated":true}]}}