{"id":1187,"date":"2022-11-21T11:41:46","date_gmt":"2022-11-21T14:41:46","guid":{"rendered":"https:\/\/lealqueiroz.adv.br\/?p=1187"},"modified":"2023-10-25T00:32:31","modified_gmt":"2023-10-25T03:32:31","slug":"a-importancia-do-seguro-de-vida-para-os-empregados-no-dia-a-dia-empresarial","status":"publish","type":"post","link":"https:\/\/lealqueiroz.adv.br\/?p=1187","title":{"rendered":"A import\u00e2ncia do seguro de vida para os empregados no dia a dia empresarial"},"content":{"rendered":"<p>A Quarta Turma do Tribunal Superior do Trabalho decidiu ser poss\u00edvel a dedu\u00e7\u00e3o na senten\u00e7a de valores pagos, a t\u00edtulo de seguro de vida, a um funcion\u00e1rio de uma empresa de transportes da cidade de Turvo\/SC.<\/p>\n<p>No caso analisado, o reclamante sofreu acidente de trabalho que lhe tirou a vida no ano de 2020. A fam\u00edlia do empregado moveu a\u00e7\u00e3o requerendo a condena\u00e7\u00e3o da empresa ao pagamento de indeniza\u00e7\u00e3o por danos morais e materiais no valor de R$1 milh\u00e3o.<\/p>\n<p>Por sua vez, a senten\u00e7a julgou procedentes os pedidos e condenou a empresa ao pagamento de cerca de R$ 300 mil por danos morais e de pens\u00e3o mensal equivalente a um ter\u00e7o do \u00faltimo sal\u00e1rio do borracheiro de dano material, at\u00e9 a data em que ele completaria 79 anos.<\/p>\n<p>Com efeito, a empresa requereu a dedu\u00e7\u00e3o de R$86 mil pagos \u00e0 fam\u00edlia do autor a t\u00edtulo de indeniza\u00e7\u00e3o do seguro de vida, alegando que tal verba possui a mesma natureza jur\u00eddica da indeniza\u00e7\u00e3o material constante da condena\u00e7\u00e3o.<\/p>\n<p>A senten\u00e7a n\u00e3o acolheu o pedido, o que fez a empresa recorrer ao TRT da 12\u00aa Regi\u00e3o (SC), que tamb\u00e9m n\u00e3o deu provimento \u00e0 tese patronal.<\/p>\n<p>Em sede de recurso de revista, o TST considerou ser poss\u00edvel a dedu\u00e7\u00e3o dos valores, tendo em vista que, ao entendimento da Ministra Relatora, Maria Cristina Peduzzi, o seguro de vida tem a mesma natureza jur\u00eddica da indeniza\u00e7\u00e3o por danos materiais fixada pela Justi\u00e7a.<\/p>\n<p>Al\u00e9m disso, o TST argumentou que a possibilidade de dedu\u00e7\u00e3o serve como est\u00edmulo para que as empresas estejam cercadas de garantias para a prote\u00e7\u00e3o do trabalhador, sobretudo os expostos a riscos no local de servi\u00e7o.<\/p>\n<p>Importa esclarecer que o seguro de vida n\u00e3o possui previs\u00e3o na CLT ou em outra lei. Entretanto, diversas Conven\u00e7\u00f5es Coletivas do Trabalho \u2013 de categorias distintas \u2013 atribuem \u00e0s empresas o dever de arcar com o pagamento do seguro de vida para todos os funcion\u00e1rios.<\/p>\n<p>O descumprimento pode ensejar multas previstas nas pr\u00f3prias Conven\u00e7\u00f5es, al\u00e9m de a\u00e7\u00f5es na justi\u00e7a do trabalho e fiscaliza\u00e7\u00f5es administrativas.<\/p>\n<p>Por fim, ressaltamos que as CCTs, por for\u00e7a do Art. 611-A da CLT, t\u00eam preval\u00eancia sobre a lei, principalmente com rela\u00e7\u00e3o ao seguro de vida, que garante mais um benef\u00edcio ao trabalhador.<\/p>\n<p>Para mais d\u00favidas sobre este e outros casos, clique aqui. (link de acesso a aba \u201cservi\u00e7os\u201d do site)<\/p>\n<p>Processo: RRAg-959-43.2020.5.12.0023<\/p>\n<p>&nbsp;<\/p>\n<p>Texto por:\u00a0<a href=\"https:\/\/lealqueiroz.adv.br\/equipe\/antonio-almeida\/\"><strong>Antonio Almeida (<\/strong><strong>Advogado da \u00e1rea Trabalhista)<\/strong><\/a><\/p>\n<h4>RESTARAM D\u00daVIDAS? ENTRE EM CONTATO CONOSCO<\/h4>\n<p>LEAL QUEIROZ ADVOCACIA CORPORATIVA<br \/>\n(83) 3077-2107<br \/>\n<a href=\"mailto:contato@lealqueiroz.adv.br\">contato@lealqueiroz.adv.br<\/a><\/p>\n","protected":false},"excerpt":{"rendered":"<p>A Quarta Turma do Tribunal Superior do Trabalho decidiu ser poss\u00edvel a dedu\u00e7\u00e3o na senten\u00e7a de valores pagos, a t\u00edtulo de seguro de vida, a um funcion\u00e1rio de uma empresa de transportes da cidade de Turvo\/SC. No caso analisado, o reclamante sofreu acidente de trabalho que lhe tirou a vida no ano de 2020. A [&hellip;]<\/p>\n","protected":false},"author":7,"featured_media":1190,"comment_status":"closed","ping_status":"open","sticky":false,"template":"","format":"standard","meta":{"_acf_changed":false,"footnotes":""},"categories":[3],"tags":[],"class_list":["post-1187","post","type-post","status-publish","format-standard","has-post-thumbnail","hentry","category-artigos"],"acf":[],"_links":{"self":[{"href":"https:\/\/lealqueiroz.adv.br\/index.php?rest_route=\/wp\/v2\/posts\/1187","targetHints":{"allow":["GET"]}}],"collection":[{"href":"https:\/\/lealqueiroz.adv.br\/index.php?rest_route=\/wp\/v2\/posts"}],"about":[{"href":"https:\/\/lealqueiroz.adv.br\/index.php?rest_route=\/wp\/v2\/types\/post"}],"author":[{"embeddable":true,"href":"https:\/\/lealqueiroz.adv.br\/index.php?rest_route=\/wp\/v2\/users\/7"}],"replies":[{"embeddable":true,"href":"https:\/\/lealqueiroz.adv.br\/index.php?rest_route=%2Fwp%2Fv2%2Fcomments&post=1187"}],"version-history":[{"count":1,"href":"https:\/\/lealqueiroz.adv.br\/index.php?rest_route=\/wp\/v2\/posts\/1187\/revisions"}],"predecessor-version":[{"id":1191,"href":"https:\/\/lealqueiroz.adv.br\/index.php?rest_route=\/wp\/v2\/posts\/1187\/revisions\/1191"}],"wp:featuredmedia":[{"embeddable":true,"href":"https:\/\/lealqueiroz.adv.br\/index.php?rest_route=\/wp\/v2\/media\/1190"}],"wp:attachment":[{"href":"https:\/\/lealqueiroz.adv.br\/index.php?rest_route=%2Fwp%2Fv2%2Fmedia&parent=1187"}],"wp:term":[{"taxonomy":"category","embeddable":true,"href":"https:\/\/lealqueiroz.adv.br\/index.php?rest_route=%2Fwp%2Fv2%2Fcategories&post=1187"},{"taxonomy":"post_tag","embeddable":true,"href":"https:\/\/lealqueiroz.adv.br\/index.php?rest_route=%2Fwp%2Fv2%2Ftags&post=1187"}],"curies":[{"name":"wp","href":"https:\/\/api.w.org\/{rel}","templated":true}]}}