{"id":1174,"date":"2022-11-07T14:36:59","date_gmt":"2022-11-07T17:36:59","guid":{"rendered":"https:\/\/lealqueiroz.adv.br\/?p=1174"},"modified":"2023-10-25T00:32:26","modified_gmt":"2023-10-25T03:32:26","slug":"stf-define-como-momento-inicial-da-licenca-maternidade-a-alta-hospitalar-da-mae-ou-do-recem-nascido","status":"publish","type":"post","link":"https:\/\/lealqueiroz.adv.br\/?p=1174","title":{"rendered":"STF define como momento inicial da licen\u00e7a-maternidade a alta hospitalar da m\u00e3e ou do rec\u00e9m-nascido\u00a0"},"content":{"rendered":"<p><span style=\"font-weight: 400;\">Em julgamento de A\u00e7\u00e3o Direta de Inconstitucionalidade (ADI), no \u00faltimo dia 21\/10\/2022, o Supremo Tribunal Federal (STF) confirmou o marco inicial da Licen\u00e7a-Maternidade e do respectivo pagamento salarial.\u00a0<\/span><\/p>\n<p><span style=\"font-weight: 400;\">A a\u00e7\u00e3o se deu em virtude da solicita\u00e7\u00e3o do partido Solidariedade para que o Tribunal interpretasse dois dispositivos da Legisla\u00e7\u00e3o Brasileira (par\u00e1grafo<\/span><span style=\"font-weight: 400;\"> 1\u00ba do art. 392 da CLT e 71 da Lei 8.213\/1991), <\/span><span style=\"font-weight: 400;\">pontuando que a legisla\u00e7\u00e3o deve ser interpretada de forma mais harmoniosa com a prote\u00e7\u00e3o \u00e0 maternidade, \u00e0 inf\u00e2ncia e ao conv\u00edvio familiar.\u00a0<\/span><\/p>\n<p><span style=\"font-weight: 400;\">Assim, por unanimidade decidiu o Tribunal que o prazo de contagem tem in\u00edcio no momento da alta hospitalar da gestante ou do rec\u00e9m-nascido, o que vier a ocorrer por \u00faltimo. Entretanto, tal medida n\u00e3o \u00e9 aplic\u00e1vel a todos os casos, mas t\u00e3o somente \u00e0queles em que se verificar maior gravidade, isto \u00e9, em que a interna\u00e7\u00e3o exceda o per\u00edodo de 2(duas) semanas.\u00a0<\/span><\/p>\n<p><span style=\"font-weight: 400;\">Ademais,<\/span> <span style=\"font-weight: 400;\">\u00e9 importante registrar que a correta interpreta\u00e7\u00e3o da decis\u00e3o \u00e9 no sentido de que o benef\u00edcio ter\u00e1 validade no dia do parto, mas sua contagem ser\u00e1 reiniciada quando da alta do beb\u00ea ou da m\u00e3e, o que acontecer por \u00faltimo.<\/span><\/p>\n<p><span style=\"font-weight: 400;\">Para os casos de menor complexidade, que n\u00e3o ultrapassem o limite de duas semanas de interna\u00e7\u00e3o da gestante,<\/span><span style=\"font-weight: 400;\"> a licen\u00e7a-maternidade ocorre <\/span><span style=\"font-weight: 400;\">durante 120 (cento e vinte) dias, com in\u00edcio no per\u00edodo entre 28 (vinte e oito) dias antes do parto e a data de ocorr\u00eancia deste, observadas as situa\u00e7\u00f5es e condi\u00e7\u00f5es previstas na legisla\u00e7\u00e3o no que concerne \u00e0 prote\u00e7\u00e3o \u00e0 maternidade.<\/span><\/p>\n<p>&nbsp;<\/p>\n<p><b><i>Para saber mais:\u00a0<\/i><\/b><\/p>\n<p><a href=\"https:\/\/portal.stf.jus.br\/noticias\/verNoticiaDetalhe.asp?idConteudo=496265&amp;ori=1\"><span style=\"font-weight: 400;\">https:\/\/portal.stf.jus.br\/noticias\/verNoticiaDetalhe.asp?idConteudo=496265&amp;ori=1<\/span><\/a><\/p>\n<p><b><i>Confira o inteiro teor da decis\u00e3o:<\/i><\/b><\/p>\n<p><a href=\"https:\/\/redir.stf.jus.br\/paginadorpub\/paginador.jsp?docTP=TP&amp;docID=754130383\"><span style=\"font-weight: 400;\">https:\/\/redir.stf.jus.br\/paginadorpub\/paginador.jsp?docTP=TP&amp;docID=754130383<\/span><\/a><\/p>\n<p>&nbsp;<\/p>\n","protected":false},"excerpt":{"rendered":"<p>Em julgamento de A\u00e7\u00e3o Direta de Inconstitucionalidade (ADI), no \u00faltimo dia 21\/10\/2022, o Supremo Tribunal Federal (STF) confirmou o marco inicial da Licen\u00e7a-Maternidade e do respectivo pagamento salarial.\u00a0 A a\u00e7\u00e3o se deu em virtude da solicita\u00e7\u00e3o do partido Solidariedade para que o Tribunal interpretasse dois dispositivos da Legisla\u00e7\u00e3o Brasileira (par\u00e1grafo 1\u00ba do art. 392 da [&hellip;]<\/p>\n","protected":false},"author":7,"featured_media":1177,"comment_status":"closed","ping_status":"open","sticky":false,"template":"","format":"standard","meta":{"_acf_changed":false,"footnotes":""},"categories":[3],"tags":[],"class_list":["post-1174","post","type-post","status-publish","format-standard","has-post-thumbnail","hentry","category-artigos"],"acf":[],"_links":{"self":[{"href":"https:\/\/lealqueiroz.adv.br\/index.php?rest_route=\/wp\/v2\/posts\/1174","targetHints":{"allow":["GET"]}}],"collection":[{"href":"https:\/\/lealqueiroz.adv.br\/index.php?rest_route=\/wp\/v2\/posts"}],"about":[{"href":"https:\/\/lealqueiroz.adv.br\/index.php?rest_route=\/wp\/v2\/types\/post"}],"author":[{"embeddable":true,"href":"https:\/\/lealqueiroz.adv.br\/index.php?rest_route=\/wp\/v2\/users\/7"}],"replies":[{"embeddable":true,"href":"https:\/\/lealqueiroz.adv.br\/index.php?rest_route=%2Fwp%2Fv2%2Fcomments&post=1174"}],"version-history":[{"count":1,"href":"https:\/\/lealqueiroz.adv.br\/index.php?rest_route=\/wp\/v2\/posts\/1174\/revisions"}],"predecessor-version":[{"id":1178,"href":"https:\/\/lealqueiroz.adv.br\/index.php?rest_route=\/wp\/v2\/posts\/1174\/revisions\/1178"}],"wp:featuredmedia":[{"embeddable":true,"href":"https:\/\/lealqueiroz.adv.br\/index.php?rest_route=\/wp\/v2\/media\/1177"}],"wp:attachment":[{"href":"https:\/\/lealqueiroz.adv.br\/index.php?rest_route=%2Fwp%2Fv2%2Fmedia&parent=1174"}],"wp:term":[{"taxonomy":"category","embeddable":true,"href":"https:\/\/lealqueiroz.adv.br\/index.php?rest_route=%2Fwp%2Fv2%2Fcategories&post=1174"},{"taxonomy":"post_tag","embeddable":true,"href":"https:\/\/lealqueiroz.adv.br\/index.php?rest_route=%2Fwp%2Fv2%2Ftags&post=1174"}],"curies":[{"name":"wp","href":"https:\/\/api.w.org\/{rel}","templated":true}]}}