{"id":1156,"date":"2022-10-19T11:18:41","date_gmt":"2022-10-19T14:18:41","guid":{"rendered":"https:\/\/lealqueiroz.adv.br\/?p=1156"},"modified":"2023-10-25T00:32:11","modified_gmt":"2023-10-25T03:32:11","slug":"entra-em-vigor-modificacao-na-tabela-de-informacao-e-nas-alegacoes-nutricionais","status":"publish","type":"post","link":"https:\/\/lealqueiroz.adv.br\/?p=1156","title":{"rendered":"Entra em vigor modifica\u00e7\u00e3o na tabela de informa\u00e7\u00f5es e nas alega\u00e7\u00f5es nutricionais."},"content":{"rendered":"<p><strong>INFORMATIVO JUR\u00cdDICO LEAL QUEIROZ<\/strong><br \/>\nCampina Grande \u2013 PB, 10 de outubro de 2022.<\/p>\n<p>\u00c9 fato p\u00fablico que a partir de 09 de outubro de 2022, passa a viger em todo o \u00e2mbito nacional a Resolu\u00e7\u00e3o de Diretoria Colegiada n.\u00ba 429, de 10 de maio de 2022 da ANVISA, a qual determina a <strong>modifica\u00e7\u00e3o na tabela de informa\u00e7\u00e3o e nas alega\u00e7\u00f5es nutricionais<\/strong>, bem como a <strong>ado\u00e7\u00e3o da rotulagem nutricional frontal<\/strong> nos produtos a saber:<\/p>\n<p>1. Alimentos embalados na aus\u00eancia dos consumidores, incluindo as bebidas, os ingredientes, os aditivos alimentares e os coadjuvantes de tecnologia, inclusive aqueles destinados exclusivamente ao processamento industrial ou aos servi\u00e7os de alimenta\u00e7\u00e3o).<\/p>\n<p>Neste sentido, importa esclarecer, ainda que:<\/p>\n<p>2. Os r\u00f3tulos devem conter apenas letras pretas e fundo branco, a fim de afastar a possibilidade de uso de contrastes que atrapalhem na legibilidade das informa\u00e7\u00f5es.<\/p>\n<p>3. Para ajudar na compara\u00e7\u00e3o de produtos, bem como o n\u00famero de por\u00e7\u00f5es por embalagem passar\u00e1 a ser obrigat\u00f3ria a declara\u00e7\u00e3o de:<\/p>\n<p>\u2022 A\u00e7\u00facares totais e adicionados,<br \/>\n\u2022 Valor energ\u00e9tico e<br \/>\n\u2022 Nutrientes por 100 g ou 100 ml.<\/p>\n<p>Al\u00e9m disso, a tabela dever\u00e1 estar localizada, em geral, pr\u00f3xima \u00e0 lista de ingredientes e em superf\u00edcie cont\u00ednua, n\u00e3o sendo aceita divis\u00e3o. Ela n\u00e3o poder\u00e1 ser apresentada em \u00e1reas encobertas, locais deformados ou regi\u00f5es de dif\u00edcil visualiza\u00e7\u00e3o. A exce\u00e7\u00e3o s\u00f3 se aplica aos produtos em embalagens pequenas (\u00e1rea de rotulagem inferior a 100 cm\u00b2), em que a tabela poder\u00e1 ser apresentada em \u00e1reas encobertas, desde que acess\u00edveis.<\/p>\n<p>4. Rotulagem nutricional frontal:<\/p>\n<p>Considerada a maior inova\u00e7\u00e3o das novas regras, a rotulagem nutricional frontal \u00e9 um s\u00edmbolo informativo que deve constar no painel da frente da embalagem. A ideia \u00e9 esclarecer o consumidor, de forma clara e simples, sobre o alto conte\u00fado de nutrientes que t\u00eam relev\u00e2ncia para a sa\u00fade.<\/p>\n<p>Para tal, foi desenvolvido um design de lupa para identificar o alto teor de tr\u00eas nutrientes:<\/p>\n<p>\u2022 A\u00e7\u00facares adicionados,<br \/>\n\u2022 Gorduras saturadas e<br \/>\n\u2022 S\u00f3dio.<\/p>\n<p>O s\u00edmbolo dever\u00e1 ser aplicado na face frontal da embalagem, na parte superior, por ser uma \u00e1rea facilmente capturada pelo nosso olhar.<\/p>\n<p>\u00c9 obrigat\u00f3ria a veicula\u00e7\u00e3o do s\u00edmbolo de lupa com indica\u00e7\u00e3o de um ou mais nutrientes, conforme o caso, quando os alimentos apresentarem as seguintes quantidades de nutrientes:<\/p>\n<p>4.1. Confira os modelos_ <a href=\"https:\/\/lealqueiroz.adv.br\/wp-content\/uploads\/2022\/10\/INFORMATIVO-JURIDICO-LEAL-QUEIROZ-RDC-429-MOFICACAO-ROTULAGEM-ALIMENTOS-EM-GERAL.pdf\">aqui<\/a><\/p>\n<p>4.2. Alega\u00e7\u00f5es nutricionais:<\/p>\n<p>As alega\u00e7\u00f5es nutricionais permanecem como informa\u00e7\u00f5es volunt\u00e1rias. Em rela\u00e7\u00e3o aos crit\u00e9rios para uso de tais alega\u00e7\u00f5es, foram propostas altera\u00e7\u00f5es com o objetivo de evitar contradi\u00e7\u00f5es com a rotulagem nutricional frontal. Confira as orienta\u00e7\u00f5es <a href=\"https:\/\/lealqueiroz.adv.br\/wp-content\/uploads\/2022\/10\/INFORMATIVO-JURIDICO-LEAL-QUEIROZ-RDC-429-MOFICACAO-ROTULAGEM-ALIMENTOS-EM-GERAL.pdf\"> aqui<\/a><\/p>\n<p>Diante do exposto, o Departamento Jur\u00eddico, objetivando a manter as medidas para<br \/>\npreven\u00e7\u00e3o, controle e mitiga\u00e7\u00e3o dos riscos de autua\u00e7\u00e3o dos \u00f3rg\u00e3os p\u00fablicos, comunica a todos os<br \/>\nseus clientes sobre as modifica\u00e7\u00f5es ocorridas nas rotulagens dos alimentos em geral, bem<br \/>\ncomo a necessidade de adequa\u00e7\u00e3o conforme o cronograma disponibilizado pelo \u00f3rg\u00e3o regulador.<\/p>\n<p><strong>Allan de Queiroz Ramos<\/strong><br \/>\nAdvogado Corporativo<\/p>\n<p><strong>Jessica Leal Almeida Rocha Cavalcanti<\/strong><br \/>\nAdvogada Corporativa<\/p>\n<p><strong>Kamila Kelly dos Santos<\/strong><br \/>\nAdvogada Corporativa<\/p>\n<p>&nbsp;<\/p>\n<p><a href=\"https:\/\/lealqueiroz.adv.br\/wp-content\/uploads\/2022\/10\/INFORMATIVO-JURIDICO-LEAL-QUEIROZ-RDC-429-MOFICACAO-ROTULAGEM-ALIMENTOS-EM-GERAL.pdf\">Baixe o Informativo com ainda mais detalhes aqui<\/a><\/p>\n","protected":false},"excerpt":{"rendered":"<p>INFORMATIVO JUR\u00cdDICO LEAL QUEIROZ Campina Grande \u2013 PB, 10 de outubro de 2022. \u00c9 fato p\u00fablico que a partir de 09 de outubro de 2022, passa a viger em todo o \u00e2mbito nacional a Resolu\u00e7\u00e3o de Diretoria Colegiada n.\u00ba 429, de 10 de maio de 2022 da ANVISA, a qual determina a modifica\u00e7\u00e3o na tabela [&hellip;]<\/p>\n","protected":false},"author":7,"featured_media":1115,"comment_status":"closed","ping_status":"open","sticky":false,"template":"","format":"standard","meta":{"_acf_changed":false,"footnotes":""},"categories":[4],"tags":[],"class_list":["post-1156","post","type-post","status-publish","format-standard","has-post-thumbnail","hentry","category-noticias"],"acf":[],"_links":{"self":[{"href":"https:\/\/lealqueiroz.adv.br\/index.php?rest_route=\/wp\/v2\/posts\/1156","targetHints":{"allow":["GET"]}}],"collection":[{"href":"https:\/\/lealqueiroz.adv.br\/index.php?rest_route=\/wp\/v2\/posts"}],"about":[{"href":"https:\/\/lealqueiroz.adv.br\/index.php?rest_route=\/wp\/v2\/types\/post"}],"author":[{"embeddable":true,"href":"https:\/\/lealqueiroz.adv.br\/index.php?rest_route=\/wp\/v2\/users\/7"}],"replies":[{"embeddable":true,"href":"https:\/\/lealqueiroz.adv.br\/index.php?rest_route=%2Fwp%2Fv2%2Fcomments&post=1156"}],"version-history":[{"count":3,"href":"https:\/\/lealqueiroz.adv.br\/index.php?rest_route=\/wp\/v2\/posts\/1156\/revisions"}],"predecessor-version":[{"id":1160,"href":"https:\/\/lealqueiroz.adv.br\/index.php?rest_route=\/wp\/v2\/posts\/1156\/revisions\/1160"}],"wp:featuredmedia":[{"embeddable":true,"href":"https:\/\/lealqueiroz.adv.br\/index.php?rest_route=\/wp\/v2\/media\/1115"}],"wp:attachment":[{"href":"https:\/\/lealqueiroz.adv.br\/index.php?rest_route=%2Fwp%2Fv2%2Fmedia&parent=1156"}],"wp:term":[{"taxonomy":"category","embeddable":true,"href":"https:\/\/lealqueiroz.adv.br\/index.php?rest_route=%2Fwp%2Fv2%2Fcategories&post=1156"},{"taxonomy":"post_tag","embeddable":true,"href":"https:\/\/lealqueiroz.adv.br\/index.php?rest_route=%2Fwp%2Fv2%2Ftags&post=1156"}],"curies":[{"name":"wp","href":"https:\/\/api.w.org\/{rel}","templated":true}]}}