{"id":1146,"date":"2022-10-05T14:57:18","date_gmt":"2022-10-05T17:57:18","guid":{"rendered":"https:\/\/lealqueiroz.adv.br\/?p=1146"},"modified":"2023-10-25T00:32:07","modified_gmt":"2023-10-25T03:32:07","slug":"codigo-de-etica-e-regimento-interno-sua-importancia-na-organizacao-das-empresas","status":"publish","type":"post","link":"https:\/\/lealqueiroz.adv.br\/?p=1146","title":{"rendered":"C\u00f3digo de \u00c9tica e Regimento Interno \u2013 Sua import\u00e2ncia na organiza\u00e7\u00e3o das empresas."},"content":{"rendered":"<p><span style=\"font-weight: 400;\">Porque estabelecer C\u00f3digo de \u00c9tica e Regimento Interno em sua empresa? Sua empresa n\u00e3o \u00e9\u00a0 terra sem lei!\u00a0<\/span><\/p>\n<p><span style=\"font-weight: 400;\">O c\u00f3digo de \u00e9tica transmiti os ideais que a empresa persegue, orientando os envolvidos a agir e\u00a0 conduzir suas rela\u00e7\u00f5es com terceiros. O que impacta diretamente na constru\u00e7\u00e3o positiva da\u00a0 imagem corporativa, passando a ser reconhecida com \u00e9tica e transparente.<\/span><\/p>\n<p><span style=\"font-weight: 400;\">Em s\u00edntese o c\u00f3digo de \u00e9tica \u00e9 a principal ferramenta, capaz de criar, ou ampliar a cultura da\u00a0 empresa, fomentando e incutindo seus h\u00e1bitos e cren\u00e7as para o alcance claro de sua vis\u00e3o.<\/span><\/p>\n<p><span style=\"font-weight: 400;\">J\u00e1 o Regulamento Interno tem por objetivo disciplinar as rela\u00e7\u00f5es internas, ajudando a gest\u00e3o da\u00a0 empresa, fazendo com que respeitem as regras internas da empresa.<\/span><\/p>\n<p><span style=\"font-weight: 400;\">Por tanto, a inclus\u00e3o de tais ferramentas \u00e9 de suma import\u00e2ncia para a empresa. Sua implementa\u00e7\u00e3o\u00a0 repercute na empresa de v\u00e1rias formas, como ado\u00e7\u00e3o de um sistema organizacional, maior\u00a0 intera\u00e7\u00e3o entre os colaboradores, ambiente seguro tanto para os colaboradores, quanto para os\u00a0 cargos de chefia, cen\u00e1rio prop\u00edcio para o desenvolvimento, diminui\u00e7\u00e3o de passivos dentre outros\u00a0 benef\u00edcios.<\/span><\/p>\n<p><span style=\"font-weight: 400;\">Logo, como j\u00e1 apontado, sua terra n\u00e3o \u00e9 uma terra sem lei, devendo ent\u00e3o a partir dessas\u00a0 ferramentas, voc\u00ea enquanto propriet\u00e1rios determinar quais as condutas que dever\u00e3o constar na sua\u00a0 empresa, claro que dentro os limites legais.<\/span><\/p>\n<p><span style=\"font-weight: 400;\">Gostaram do tema? Possuem d\u00favidas? Para mais informa\u00e7\u00f5es entrem em contato com a Leal\u00a0 Queiroz Advocacia. Al\u00e9m disso, continuem acompanhando nossos textos para se manter\u00a0 atualizado sobre as novas demandas que sua empresa deve se atentar.<\/span><\/p>\n<p><span style=\"font-weight: 400;\">At\u00e9 o pr\u00f3ximo artigo!<\/span><\/p>\n<p>Texto por: Luiz Moura (Estagi\u00e1rio)<\/p>\n<h4>RESTARAM D\u00daVIDAS? ENTRE EM CONTATO CONOSCO<\/h4>\n<p>LEAL QUEIROZ ADVOCACIA CORPORATIVA<br \/>\n(83) 3077-2107<br \/>\n<a href=\"mailto:contato@lealqueiroz.adv.br\">contato@lealqueiroz.adv.br<\/a><\/p>\n","protected":false},"excerpt":{"rendered":"<p>Porque estabelecer C\u00f3digo de \u00c9tica e Regimento Interno em sua empresa? Sua empresa n\u00e3o \u00e9\u00a0 terra sem lei!\u00a0 O c\u00f3digo de \u00e9tica transmiti os ideais que a empresa persegue, orientando os envolvidos a agir e\u00a0 conduzir suas rela\u00e7\u00f5es com terceiros. O que impacta diretamente na constru\u00e7\u00e3o positiva da\u00a0 imagem corporativa, passando a ser reconhecida com [&hellip;]<\/p>\n","protected":false},"author":7,"featured_media":1149,"comment_status":"closed","ping_status":"open","sticky":false,"template":"","format":"standard","meta":{"_acf_changed":false,"footnotes":""},"categories":[3],"tags":[],"class_list":["post-1146","post","type-post","status-publish","format-standard","has-post-thumbnail","hentry","category-artigos"],"acf":[],"_links":{"self":[{"href":"https:\/\/lealqueiroz.adv.br\/index.php?rest_route=\/wp\/v2\/posts\/1146","targetHints":{"allow":["GET"]}}],"collection":[{"href":"https:\/\/lealqueiroz.adv.br\/index.php?rest_route=\/wp\/v2\/posts"}],"about":[{"href":"https:\/\/lealqueiroz.adv.br\/index.php?rest_route=\/wp\/v2\/types\/post"}],"author":[{"embeddable":true,"href":"https:\/\/lealqueiroz.adv.br\/index.php?rest_route=\/wp\/v2\/users\/7"}],"replies":[{"embeddable":true,"href":"https:\/\/lealqueiroz.adv.br\/index.php?rest_route=%2Fwp%2Fv2%2Fcomments&post=1146"}],"version-history":[{"count":1,"href":"https:\/\/lealqueiroz.adv.br\/index.php?rest_route=\/wp\/v2\/posts\/1146\/revisions"}],"predecessor-version":[{"id":1150,"href":"https:\/\/lealqueiroz.adv.br\/index.php?rest_route=\/wp\/v2\/posts\/1146\/revisions\/1150"}],"wp:featuredmedia":[{"embeddable":true,"href":"https:\/\/lealqueiroz.adv.br\/index.php?rest_route=\/wp\/v2\/media\/1149"}],"wp:attachment":[{"href":"https:\/\/lealqueiroz.adv.br\/index.php?rest_route=%2Fwp%2Fv2%2Fmedia&parent=1146"}],"wp:term":[{"taxonomy":"category","embeddable":true,"href":"https:\/\/lealqueiroz.adv.br\/index.php?rest_route=%2Fwp%2Fv2%2Fcategories&post=1146"},{"taxonomy":"post_tag","embeddable":true,"href":"https:\/\/lealqueiroz.adv.br\/index.php?rest_route=%2Fwp%2Fv2%2Ftags&post=1146"}],"curies":[{"name":"wp","href":"https:\/\/api.w.org\/{rel}","templated":true}]}}