{"id":1128,"date":"2022-09-28T15:45:31","date_gmt":"2022-09-28T18:45:31","guid":{"rendered":"https:\/\/lealqueiroz.adv.br\/?p=1128"},"modified":"2023-10-25T00:32:00","modified_gmt":"2023-10-25T03:32:00","slug":"stj-fixa-nova-tese-para-a-responsabilidade-dos-socios-na-extincao-irregular-da-sociedade-empresaria","status":"publish","type":"post","link":"https:\/\/lealqueiroz.adv.br\/?p=1128","title":{"rendered":"STJ fixa nova tese para a responsabilidade dos s\u00f3cios na extin\u00e7\u00e3o irregular da sociedade empres\u00e1ria"},"content":{"rendered":"<p><span style=\"font-weight: 400;\">N\u00e3o raramente, \u00e9 poss\u00edvel nos depararmos com o abandono de empresas, sem que ocorra a devida atualiza\u00e7\u00e3o dos dados cadastrais junto aos \u00f3rg\u00e3os p\u00fablicos respons\u00e1veis pelo registro e a observ\u00e2ncia ao procedimento de liquida\u00e7\u00e3o e de pagamento de credores, determinados pelo C\u00f3digo Civil, C\u00f3digo de Processo Civil e Lei de Fal\u00eancias (Lei n.\u00ba 11.101\u20442005).<\/span><\/p>\n<p><span style=\"font-weight: 400;\">Nestes casos de dissolu\u00e7\u00e3o irregular da empresa, em que ela desaparece de fato sem o correto encerramento de suas atividades, tem sido comum observar a discuss\u00e3o sobre a hip\u00f3tese de o patrim\u00f4nio dos s\u00f3cios e administradores ser penhorado para saldar d\u00edvidas da sociedade, em especial, aquelas de cunho tribut\u00e1rio.\u00a0<\/span><\/p>\n<p><span style=\"font-weight: 400;\">Para sanar a quest\u00e3o, o Superior Tribunal de Justi\u00e7a (STJ) havia sedimentado, por meio da S\u00famula 430, o entendimento de que apenas seria autorizado o redirecionamento da execu\u00e7\u00e3o fiscal ao s\u00f3cio, mesmo diante de sua retirada antes da dissolu\u00e7\u00e3o irregular da empresa, caso restasse comprovado que ele exercia ger\u00eancia na \u00e9poca da ocorr\u00eancia do fato gerador da obriga\u00e7\u00e3o tribut\u00e1ria e praticava atos com excesso de poderes ou na infra\u00e7\u00e3o \u00e0 lei, contrato social o estatuto, conforme previsto no artigo 135, III do C\u00f3digo Tribut\u00e1rio Nacional (CTN).<\/span><\/p>\n<p><span style=\"font-weight: 400;\">No entanto, a complexidade da quest\u00e3o resultou na necessidade de emiss\u00e3o de mais um posicionamento, vez que quest\u00f5es foram suscitadas quanto a responsabilidade ou n\u00e3o do s\u00f3cio que tenha exercido poder de ger\u00eancia na \u00e9poca da dissolu\u00e7\u00e3o irregular da sociedade (S\u00famula 435\/STJ), mas que tenha ingressado na sociedade somente ap\u00f3s a ocorr\u00eancia do fato gerador da obriga\u00e7\u00e3o tribut\u00e1ria.\u00a0<\/span><\/p>\n<p><span style=\"font-weight: 400;\">Como solu\u00e7\u00e3o, <\/span><span style=\"font-weight: 400;\">a 1<\/span><span style=\"font-weight: 400;\">a<\/span><span style=\"font-weight: 400;\"> Se\u00e7\u00e3o do <\/span><span style=\"font-weight: 400;\">Superior Tribunal de Justi\u00e7a (STJ), pela sistem\u00e1tica dos Recursos Repetitivos &#8211; Tema n\u00b0 981, <\/span><span style=\"font-weight: 400;\">decidiu que q<\/span><span style=\"font-weight: 400;\">uando fundado na dissolu\u00e7\u00e3o irregular ou em ato que presuma sua ocorr\u00eancia (encerramento das atividades empresariais no domic\u00edlio fiscal sem comunica\u00e7\u00e3o aos \u00f3rg\u00e3os competentes), o pedido de redirecionamento da execu\u00e7\u00e3o fiscal poder\u00e1 alcan\u00e7ar o s\u00f3cio-gerente da \u00e9poca desta dissolu\u00e7\u00e3o.\u00a0<\/span><\/p>\n<p><span style=\"font-weight: 400;\">Para a relatora, Ministra Assusete Magalh\u00e3es, apesar de o inadimplemento do tributo n\u00e3o se enquadrar na hip\u00f3tese do artigo 135, III do CTN, para fins de redirecionamento da execu\u00e7\u00e3o fiscal ao s\u00f3cio gerente, a dissolu\u00e7\u00e3o irregular da sociedade \u00e9 encarada como uma infra\u00e7\u00e3o \u00e0 lei, hip\u00f3tese que se enquadra no <\/span><i><span style=\"font-weight: 400;\">caput <\/span><\/i><span style=\"font-weight: 400;\">do referido artigo, autorizando o redirecionamento da execu\u00e7\u00e3o fiscal em face do s\u00f3cio-gerente ou administrador.<\/span><\/p>\n<p><span style=\"font-weight: 400;\">Portanto, a responsabilidade tribut\u00e1ria pode deixar de ser fundamentada na simples falta de pagamento do d\u00e9bito e passar a ser pautada na pr\u00f3pria dissolu\u00e7\u00e3o irregular da empresa, uma vez que o ato que enseja o redirecionamento da execu\u00e7\u00e3o \u00e9 dado pelo cometimento de uma infra\u00e7\u00e3o, e a dissolu\u00e7\u00e3o irregular nada mais \u00e9 do que uma infra\u00e7\u00e3o cometida pelo s\u00f3cio-gerente.<\/span><\/p>\n<p>&nbsp;<\/p>\n<p>Texto por:\u00a0<a href=\"https:\/\/lealqueiroz.adv.br\/equipe\/luana-agra\/\">Luana Agra (Advogada na \u00e1rea de Societ\u00e1ria)<\/a><\/p>\n<p>&nbsp;<\/p>\n<h4>RESTARAM D\u00daVIDAS? ENTRE EM CONTATO CONOSCO<\/h4>\n<p>LEAL QUEIROZ ADVOCACIA CORPORATIVA<br \/>\n(83) 3077-2107<br \/>\n<a href=\"mailto:contato@lealqueiroz.adv.br\">contato@lealqueiroz.adv.br<\/a><\/p>\n","protected":false},"excerpt":{"rendered":"<p>N\u00e3o raramente, \u00e9 poss\u00edvel nos depararmos com o abandono de empresas, sem que ocorra a devida atualiza\u00e7\u00e3o dos dados cadastrais junto aos \u00f3rg\u00e3os p\u00fablicos respons\u00e1veis pelo registro e a observ\u00e2ncia ao procedimento de liquida\u00e7\u00e3o e de pagamento de credores, determinados pelo C\u00f3digo Civil, C\u00f3digo de Processo Civil e Lei de Fal\u00eancias (Lei n.\u00ba 11.101\u20442005). Nestes [&hellip;]<\/p>\n","protected":false},"author":7,"featured_media":1130,"comment_status":"closed","ping_status":"open","sticky":false,"template":"","format":"standard","meta":{"_acf_changed":false,"footnotes":""},"categories":[3],"tags":[],"class_list":["post-1128","post","type-post","status-publish","format-standard","has-post-thumbnail","hentry","category-artigos"],"acf":[],"_links":{"self":[{"href":"https:\/\/lealqueiroz.adv.br\/index.php?rest_route=\/wp\/v2\/posts\/1128","targetHints":{"allow":["GET"]}}],"collection":[{"href":"https:\/\/lealqueiroz.adv.br\/index.php?rest_route=\/wp\/v2\/posts"}],"about":[{"href":"https:\/\/lealqueiroz.adv.br\/index.php?rest_route=\/wp\/v2\/types\/post"}],"author":[{"embeddable":true,"href":"https:\/\/lealqueiroz.adv.br\/index.php?rest_route=\/wp\/v2\/users\/7"}],"replies":[{"embeddable":true,"href":"https:\/\/lealqueiroz.adv.br\/index.php?rest_route=%2Fwp%2Fv2%2Fcomments&post=1128"}],"version-history":[{"count":2,"href":"https:\/\/lealqueiroz.adv.br\/index.php?rest_route=\/wp\/v2\/posts\/1128\/revisions"}],"predecessor-version":[{"id":1140,"href":"https:\/\/lealqueiroz.adv.br\/index.php?rest_route=\/wp\/v2\/posts\/1128\/revisions\/1140"}],"wp:featuredmedia":[{"embeddable":true,"href":"https:\/\/lealqueiroz.adv.br\/index.php?rest_route=\/wp\/v2\/media\/1130"}],"wp:attachment":[{"href":"https:\/\/lealqueiroz.adv.br\/index.php?rest_route=%2Fwp%2Fv2%2Fmedia&parent=1128"}],"wp:term":[{"taxonomy":"category","embeddable":true,"href":"https:\/\/lealqueiroz.adv.br\/index.php?rest_route=%2Fwp%2Fv2%2Fcategories&post=1128"},{"taxonomy":"post_tag","embeddable":true,"href":"https:\/\/lealqueiroz.adv.br\/index.php?rest_route=%2Fwp%2Fv2%2Ftags&post=1128"}],"curies":[{"name":"wp","href":"https:\/\/api.w.org\/{rel}","templated":true}]}}