{"id":1108,"date":"2022-09-12T17:23:50","date_gmt":"2022-09-12T20:23:50","guid":{"rendered":"https:\/\/lealqueiroz.adv.br\/?p=1108"},"modified":"2023-10-25T00:31:45","modified_gmt":"2023-10-25T03:31:45","slug":"motorista-com-jornada-extensa-nao-recebera-por-dano-existencial","status":"publish","type":"post","link":"https:\/\/lealqueiroz.adv.br\/?p=1108","title":{"rendered":"Motorista com jornada extensa n\u00e3o receber\u00e1 por dano existencial"},"content":{"rendered":"<p>A 18\u00aa turma do TRT da 2\u00aa regi\u00e3o acolheu recurso de empresa de transporte e excluiu o pagamento de indeniza\u00e7\u00e3o por dano existencial de R$ 30 mil a motorista. Para os desembargadores, o homem n\u00e3o conseguiu provar que a sobrejornada a que era submetido o impediu de manter o conv\u00edvio familiar e social.<\/p>\n<p>O profissional atuava como carreteiro na distribui\u00e7\u00e3o de cargas entre Guarulhos\/SP e Sete Lagoas\/MG, e ajuizou a\u00e7\u00e3o pleiteando pagamento por dano existencial e est\u00e9tico, horas extras, adicional noturno e intervalo intrajornada, entre outros. No processo, ficou comprovado que o trabalhador era submetido a jornadas de mais de 20h por dia. Para a 18\u00aa turma, por\u00e9m, n\u00e3o houve qualquer prova de que esse regime tenha provocado exclus\u00e3o social do motorista, al\u00e9m do que esse fato n\u00e3o pode ser &#8220;presum\u00edvel&#8221;.<\/p>\n<p>&#8220;Embora o quadro f\u00e1tico demonstre que houve sobrejornada al\u00e9m do permissivo legal, conforme reconhecido pela Origem, n\u00e3o h\u00e1 provas no sentido de que tal jornada tenha, de fato, comprometido as rela\u00e7\u00f5es sociais do reclamante ou seu projeto de vida, fato constitutivo do direito ao dano existencial perseguido&#8221;, afirmou a desembargadora-relatora Ivete Bernardes Vieira de Souza. Para decidir nesse sentido, a magistrada cita julgado do TST.<\/p>\n<p>Com a decis\u00e3o, os desembargadores exclu\u00edram essa indeniza\u00e7\u00e3o, e mantiveram na \u00edntegra os demais pontos da senten\u00e7a. Entre eles est\u00e1 o pagamento por dano est\u00e9tico de R$ 5 mil em raz\u00e3o de engavetamento sofrido pelo homem durante o trabalho. O acidente o deixou incapacitado de forma parcial e permanente para as fun\u00e7\u00f5es.<\/p>\n<p>Informa\u00e7\u00f5es: TRT da 2\u00aa regi\u00e3o.<\/p>\n<p><a href=\"https:\/\/www.migalhas.com.br\/quentes\/373178\/motorista-com-jornada-extensa-nao-recebera-por-dano-existencial\">Fonte<\/a><\/p>\n","protected":false},"excerpt":{"rendered":"<p>A 18\u00aa turma do TRT da 2\u00aa regi\u00e3o acolheu recurso de empresa de transporte e excluiu o pagamento de indeniza\u00e7\u00e3o por dano existencial de R$ 30 mil a motorista. Para os desembargadores, o homem n\u00e3o conseguiu provar que a sobrejornada a que era submetido o impediu de manter o conv\u00edvio familiar e social. O profissional [&hellip;]<\/p>\n","protected":false},"author":7,"featured_media":1111,"comment_status":"closed","ping_status":"open","sticky":false,"template":"","format":"standard","meta":{"_acf_changed":false,"footnotes":""},"categories":[4],"tags":[],"class_list":["post-1108","post","type-post","status-publish","format-standard","has-post-thumbnail","hentry","category-noticias"],"acf":[],"_links":{"self":[{"href":"https:\/\/lealqueiroz.adv.br\/index.php?rest_route=\/wp\/v2\/posts\/1108","targetHints":{"allow":["GET"]}}],"collection":[{"href":"https:\/\/lealqueiroz.adv.br\/index.php?rest_route=\/wp\/v2\/posts"}],"about":[{"href":"https:\/\/lealqueiroz.adv.br\/index.php?rest_route=\/wp\/v2\/types\/post"}],"author":[{"embeddable":true,"href":"https:\/\/lealqueiroz.adv.br\/index.php?rest_route=\/wp\/v2\/users\/7"}],"replies":[{"embeddable":true,"href":"https:\/\/lealqueiroz.adv.br\/index.php?rest_route=%2Fwp%2Fv2%2Fcomments&post=1108"}],"version-history":[{"count":1,"href":"https:\/\/lealqueiroz.adv.br\/index.php?rest_route=\/wp\/v2\/posts\/1108\/revisions"}],"predecessor-version":[{"id":1112,"href":"https:\/\/lealqueiroz.adv.br\/index.php?rest_route=\/wp\/v2\/posts\/1108\/revisions\/1112"}],"wp:featuredmedia":[{"embeddable":true,"href":"https:\/\/lealqueiroz.adv.br\/index.php?rest_route=\/wp\/v2\/media\/1111"}],"wp:attachment":[{"href":"https:\/\/lealqueiroz.adv.br\/index.php?rest_route=%2Fwp%2Fv2%2Fmedia&parent=1108"}],"wp:term":[{"taxonomy":"category","embeddable":true,"href":"https:\/\/lealqueiroz.adv.br\/index.php?rest_route=%2Fwp%2Fv2%2Fcategories&post=1108"},{"taxonomy":"post_tag","embeddable":true,"href":"https:\/\/lealqueiroz.adv.br\/index.php?rest_route=%2Fwp%2Fv2%2Ftags&post=1108"}],"curies":[{"name":"wp","href":"https:\/\/api.w.org\/{rel}","templated":true}]}}