{"id":1081,"date":"2022-08-26T10:58:21","date_gmt":"2022-08-26T13:58:21","guid":{"rendered":"https:\/\/lealqueiroz.adv.br\/?p=1081"},"modified":"2023-10-25T00:31:25","modified_gmt":"2023-10-25T03:31:25","slug":"trt-9-revoga-decisao-que-obrigava-empresa-a-emitir-cat-em-casos-de-covid-19","status":"publish","type":"post","link":"https:\/\/lealqueiroz.adv.br\/?p=1081","title":{"rendered":"TRT-9 revoga decis\u00e3o que obrigava empresa a emitir CAT em casos de Covid-19"},"content":{"rendered":"<p style=\"font-weight: 400;\">O interesse na preserva\u00e7\u00e3o da sa\u00fade p\u00fablica n\u00e3o legitima os entes subnacionais a expedir normas de seguran\u00e7a do trabalho e prote\u00e7\u00e3o da sa\u00fade do trabalhador, o que \u00e9 compet\u00eancia privativa da Uni\u00e3o.<\/p>\n<p style=\"font-weight: 400;\">Com base no entendimento do Supremo Tribunal Federal no julgamento da ADI 3.811, de relatoria do ministro Gilmar Mendes, o Tribunal Regional do Trabalho da 9\u00aa Regi\u00e3o (PR) deu provimento a recurso ordin\u00e1rio interposto pela Seara para revogar decis\u00e3o liminar de obriga\u00e7\u00e3o de fazer sobre as condi\u00e7\u00f5es sanit\u00e1rias de uma planta frigor\u00edfica instalada em Jaguapit\u00e3 (PR).<\/p>\n<p style=\"font-weight: 400;\">A decis\u00e3o questionada obrigava a empresa a incluir o risco biol\u00f3gico advindo do coronav\u00edrus no Programa de Controle M\u00e9dico de Sa\u00fade Ocupacional (PCMSO) e no Programa de Preven\u00e7\u00e3o de Riscos Ambientais (PPRA), al\u00e9m de\u00a0emitir comunica\u00e7\u00e3o de acidente de trabalho (CAT) em todos os casos confirmados de contamina\u00e7\u00e3o de seus empregados pela Covid-19, mesmo se houvesse mera suspeita de que a doen\u00e7a foi contra\u00edda no ambiente de trabalho. As obriga\u00e7\u00f5es deveriam ser cumpridas sob pena de multa mensal no valor de R$ 50 mil.<\/p>\n<p style=\"font-weight: 400;\">No recurso, a empresa sustentou que as obriga\u00e7\u00f5es j\u00e1 haviam sido afastadas pelo TRT-9 em mandado de seguran\u00e7a e que a Nota T\u00e9cnica do Minist\u00e9rio da Economia SEI n\u00ba 56.376 \/2020, acerca da interpreta\u00e7\u00e3o jur\u00eddica dos artigos\u00a019 a 23 da Lei 8.213\/1991, sobre a configura\u00e7\u00e3o do nexo entre o trabalho e a Covid-19, estabeleceu que, a partir daquele momento, n\u00e3o seria mais poss\u00edvel associar cada novo caso a outro confirmado anteriormente, dificultando a defini\u00e7\u00e3o do local de contato do trabalhador com o v\u00edrus. Por fim, a empresa alegou que sua planta frigor\u00edfica \u00e9 um ambiente seguro e controlado, com higieniza\u00e7\u00e3o constante.<\/p>\n<p style=\"font-weight: 400;\">Ao analisar o caso, a relatora,\u00a0desembargadora Odete Grasseli, lembrou que realmente essas obriga\u00e7\u00f5es de fazer j\u00e1 haviam sido afastadas pelo TRT-9 no julgamento do Mandado de Seguran\u00e7a 1084-30.2021.5.09.0000.<\/p>\n<p style=\"font-weight: 400;\">A julgadora tamb\u00e9m argumentou que a Subsecretaria de Inspe\u00e7\u00e3o do Trabalho, ent\u00e3o vinculada ao Minist\u00e9rio da Economia, \u00e9 o \u00f3rg\u00e3o competente para dispor, em car\u00e1ter complementar,\u00a0sobre normas relativas a sa\u00fade e seguran\u00e7a ocupacional, considerando as peculiaridades de cada atividade ou setor de trabalho, conforme o artigo 200 da CLT.<\/p>\n<p style=\"font-weight: 400;\">&#8220;Esclarece-se, devem, sim, ser contidos os riscos biol\u00f3gicos advindos do v\u00edrus SARS-CoV-2 pela empresa e toda coletividade. No entanto, seu cont\u00e1gio n\u00e3o traz presumido nexo de causalidade de que o v\u00edrus foi contra\u00eddo no interior da empresa, n\u00e3o havendo como se imputar \u00e0 r\u00e9 obriga\u00e7\u00f5es adicionais de prote\u00e7\u00e3o e que n\u00e3o estejam previstas em lei&#8221;, afirmou ela. O entendimento foi seguido por unanimidade.<\/p>\n<p style=\"font-weight: 400;\"><b><strong>Clique\u00a0<a href=\"https:\/\/www.conjur.com.br\/dl\/decisao-trt-seara.pdf\">aqui<\/a>\u00a0para ler a decis\u00e3o<\/strong><\/b><\/p>\n<p style=\"font-weight: 400;\"><b><strong>0001976-66.2021.5.09.0669<\/strong><\/b><\/p>\n<p style=\"font-weight: 400;\">Rafa Santos \u2013 Rep\u00f3rter da revista Consultor Jur\u00eddico.<\/p>\n<p style=\"font-weight: 400;\">Fonte: Revista Consultor Jur\u00eddico \u2013 24\/08\/2022<\/p>\n","protected":false},"excerpt":{"rendered":"<p>O interesse na preserva\u00e7\u00e3o da sa\u00fade p\u00fablica n\u00e3o legitima os entes subnacionais a expedir normas de seguran\u00e7a do trabalho e prote\u00e7\u00e3o da sa\u00fade do trabalhador, o que \u00e9 compet\u00eancia privativa da Uni\u00e3o. Com base no entendimento do Supremo Tribunal Federal no julgamento da ADI 3.811, de relatoria do ministro Gilmar Mendes, o Tribunal Regional do [&hellip;]<\/p>\n","protected":false},"author":7,"featured_media":1083,"comment_status":"closed","ping_status":"open","sticky":false,"template":"","format":"standard","meta":{"_acf_changed":false,"footnotes":""},"categories":[4],"tags":[],"class_list":["post-1081","post","type-post","status-publish","format-standard","has-post-thumbnail","hentry","category-noticias"],"acf":[],"_links":{"self":[{"href":"https:\/\/lealqueiroz.adv.br\/index.php?rest_route=\/wp\/v2\/posts\/1081","targetHints":{"allow":["GET"]}}],"collection":[{"href":"https:\/\/lealqueiroz.adv.br\/index.php?rest_route=\/wp\/v2\/posts"}],"about":[{"href":"https:\/\/lealqueiroz.adv.br\/index.php?rest_route=\/wp\/v2\/types\/post"}],"author":[{"embeddable":true,"href":"https:\/\/lealqueiroz.adv.br\/index.php?rest_route=\/wp\/v2\/users\/7"}],"replies":[{"embeddable":true,"href":"https:\/\/lealqueiroz.adv.br\/index.php?rest_route=%2Fwp%2Fv2%2Fcomments&post=1081"}],"version-history":[{"count":2,"href":"https:\/\/lealqueiroz.adv.br\/index.php?rest_route=\/wp\/v2\/posts\/1081\/revisions"}],"predecessor-version":[{"id":1646,"href":"https:\/\/lealqueiroz.adv.br\/index.php?rest_route=\/wp\/v2\/posts\/1081\/revisions\/1646"}],"wp:featuredmedia":[{"embeddable":true,"href":"https:\/\/lealqueiroz.adv.br\/index.php?rest_route=\/wp\/v2\/media\/1083"}],"wp:attachment":[{"href":"https:\/\/lealqueiroz.adv.br\/index.php?rest_route=%2Fwp%2Fv2%2Fmedia&parent=1081"}],"wp:term":[{"taxonomy":"category","embeddable":true,"href":"https:\/\/lealqueiroz.adv.br\/index.php?rest_route=%2Fwp%2Fv2%2Fcategories&post=1081"},{"taxonomy":"post_tag","embeddable":true,"href":"https:\/\/lealqueiroz.adv.br\/index.php?rest_route=%2Fwp%2Fv2%2Ftags&post=1081"}],"curies":[{"name":"wp","href":"https:\/\/api.w.org\/{rel}","templated":true}]}}