{"id":1070,"date":"2022-08-15T14:05:48","date_gmt":"2022-08-15T17:05:48","guid":{"rendered":"https:\/\/lealqueiroz.adv.br\/?p=1070"},"modified":"2023-10-25T00:31:18","modified_gmt":"2023-10-25T03:31:18","slug":"mp-pr-ajuiza-acao-civil-publica-contra-supermercado-com-base-na-lgpd","status":"publish","type":"post","link":"https:\/\/lealqueiroz.adv.br\/?p=1070","title":{"rendered":"MP-PR aju\u00edza a\u00e7\u00e3o civil p\u00fablica contra supermercado com base na LGPD"},"content":{"rendered":"<p>Foi ajuizada pelo Minist\u00e9rio P\u00fablico do Paran\u00e1, em 26\/5\/2022, a\u00e7\u00e3o civil p\u00fablica contra um grande supermercado\u00a0de\u00a0Campo Mour\u00e3o\u00a0<a title=\"\" href=\"https:\/\/www.conjur.com.br\/2022-ago-08\/kischelewskie-matias-acao-supermercado-base-lgpd#_ftn1\" name=\"_ftnref\">[1]<\/a><em>.\u00a0<\/em>O estabelecimento estaria coletando dados pessoais dos clientes em desconformidade com a Lei Geral de Prote\u00e7\u00e3o de Dados Pessoais (LGPD).<\/p>\n<p>A origem do tratamento de dados tido como irregular estaria em pr\u00e1ticas anteriores \u00e0 vig\u00eancia da LGPD. A rede de supermercados lan\u00e7ou, em 2015, um programa de descontos no qual o cliente poderia se cadastrar por meio das plataformas disponibilizadas (site, app ou totem). Com a ades\u00e3o, confere-se ao cliente a obten\u00e7\u00e3o de descontos sem a necessidade de ac\u00famulo de pontos, taxas ou anuidades.<\/p>\n<p>Segundo consta nos autos do processo, como a base de dados foi criada antes do advento da LGPD, o supermercado adotou o seguinte procedimento para poder validar o consentimento do titular no uso de seus dados relativamente ao programa de pontos: ao chegar no caixa, o atendente solicita que o cliente aperte um bot\u00e3o verde na m\u00e1quina de cart\u00e3o para concordar com o uso de seus dados pessoais.<\/p>\n<p>Ocorre que, segundo o Minist\u00e9rio P\u00fablico, em momento algum, \u00e9 informada qual a finalidade da coleta do consentimento ao cliente, sequer \u00e9 entregue um extrato ou documento com o conte\u00fado do que foi aceito e, os funcion\u00e1rios n\u00e3o possuem informa\u00e7\u00f5es b\u00e1sicas para auxiliar o titular dos dados.<\/p>\n<p>A empresa alega estar adequada \u00e0 LGPD, pois (1) oportuniza a exclus\u00e3o dos dados do cliente que n\u00e3o desejar continuar com os benef\u00edcios do clube de desconto; (2) disp\u00f5e de folders com informa\u00e7\u00f5es sobre a legisla\u00e7\u00e3o; e (3) disponibiliza c\u00f3pia f\u00edsica da LGPD para consulta dos clientes, tal qual ocorre com o C\u00f3digo de Defesa do Consumidor. Tamb\u00e9m destaca possuir Pol\u00edtica de Seguran\u00e7a e Privacidade e espa\u00e7o espec\u00edfico no site apenas para atualiza\u00e7\u00e3o do consentimento.<\/p>\n<p>Contudo, a LGPD \u00e9 expl\u00edcita ao estabelecer que as informa\u00e7\u00f5es acerca da coleta e destina\u00e7\u00e3o dos dados pessoais deve se dar de forma clara, inequ\u00edvoca e no momento em que o titular expressar seu consentimento. Ali\u00e1s, veja o quadro ilustrativo apresentado na peti\u00e7\u00e3o inicial de lavra do MP-PR:<\/p>\n<p><img loading=\"lazy\" decoding=\"async\" width=\"640\" height=\"307\" class=\"alignnone size-medium wp-image-1072\" src=\"https:\/\/lealqueiroz.adv.br\/wp-content\/uploads\/2022\/08\/artigo-mppr-ajuiza-acao-civil-publica-640x307.png\" alt=\"\" srcset=\"https:\/\/lealqueiroz.adv.br\/wp-content\/uploads\/2022\/08\/artigo-mppr-ajuiza-acao-civil-publica-640x307.png 640w, https:\/\/lealqueiroz.adv.br\/wp-content\/uploads\/2022\/08\/artigo-mppr-ajuiza-acao-civil-publica-768x369.png 768w, https:\/\/lealqueiroz.adv.br\/wp-content\/uploads\/2022\/08\/artigo-mppr-ajuiza-acao-civil-publica.png 781w\" sizes=\"auto, (max-width: 640px) 100vw, 640px\" \/><\/p>\n<p>No caso em tela, o supermercado deveria ter atualizado o consentimento dos clientes de maneira clara e transparente, informando aquilo que estava sendo aceito, a finalidade, oportunizando a escolha pela exclus\u00e3o dos dados aos titulares que n\u00e3o desejem continuar com o benef\u00edcio ofertado, bem como ter ofertado treinamento assertivo aos seus funcion\u00e1rios, para que pudessem solucionar d\u00favidas b\u00e1sicas.<\/p>\n<p>Inclusive, ap\u00f3s a propositura da a\u00e7\u00e3o civil p\u00fablica, o supermercado suspendeu de pronto o procedimento de coleta de consentimento. Em 13\/6\/2022 foi realizada audi\u00eancia de concilia\u00e7\u00e3o que restou infrut\u00edfera, desta forma o processo seguir\u00e1 seu curso.<\/p>\n<p>\u00c9 essencial que as empresas respeitem os direitos dos titulares ao solicitar seu consentimento. Veja algumas orienta\u00e7\u00f5es:<\/p>\n<ul>\n<li>Agir com transpar\u00eancia, garantindo informa\u00e7\u00f5es claras, precisas e facilmente acess\u00edveis sobre como ser\u00e1 realizada a coleta, onde ser\u00e3o armazenados os dados, com quem ser\u00e1 compartilhado, ou seja, e as consequ\u00eancias dessa autoriza\u00e7\u00e3o, em caso de obten\u00e7\u00e3o de consentimento;<\/li>\n<li>\u00c9 necess\u00e1rio que o consentimento seja fornecido de forma livre, informada e inequ\u00edvoca;<\/li>\n<li>Utilizar os dados pessoais apenas para a finalidade informada ao titular, ou seja, n\u00e3o os tratar, posteriormente, de forma incompat\u00edvel com o objetivo apresentado inicialmente;<\/li>\n<li>Caso questionada, a empresa deve garantir ao titular a forma e dura\u00e7\u00e3o do tratamento dos dados;<\/li>\n<li>Caso os dados sejam compartilhados com um controlador, dever\u00e1 ser informado o agente junto da finalidade;<\/li>\n<li>Comunicar os direitos que o titular possui.<\/li>\n<\/ul>\n<p>E o que pode ser feito com a base de dados anterior \u00e0 LGPD? A lei n\u00e3o pro\u00edbe a utiliza\u00e7\u00e3o deste legado, desde que seja adequado \u00e0 lei para que seu manuseio ocorra sem causar, eventualmente, danos aos titulares.<\/p>\n<p style=\"font-weight: 400;\">Ademais, a LGPD prev\u00ea em seu artigo 63, que a Autoridade Nacional de Prote\u00e7\u00e3o de Dados (ANPD) estabelecer\u00e1 normas de adequa\u00e7\u00f5es progressivas aos bancos de dados constitu\u00eddos at\u00e9 a data de entrada em vigor da lei. Contudo, a ag\u00eancia, at\u00e9 o presente momento, n\u00e3o trouxe estas orienta\u00e7\u00f5es.<\/p>\n<p style=\"font-weight: 400;\">Apesar dessa salvaguarda, \u00e9 necess\u00e1ria cautela, se recomenda verificar caso a caso a forma que a base de dados foi constitu\u00edda e consultar um especialista em prote\u00e7\u00e3o de dados, para que seja tomada a decis\u00e3o correta.<\/p>\n<p><a href=\"https:\/\/www.conjur.com.br\/2022-ago-08\/kischelewskie-matias-acao-supermercado-base-lgpd#_ftnref\" name=\"_ftn1\">[1]<\/a>\u00a0Processo de n\u00ba 0004952-55.2022.8.16.0058, que tramita perante a 1\u00aa Vara C\u00edvel de Campo Mour\u00e3o\/PR.<\/p>\n<p>FONTE: <a href=\"https:\/\/www.conjur.com.br\/2022-ago-08\/kischelewskie-matias-acao-supermercado-base-lgpd\">ConJur<\/a><\/p>\n","protected":false},"excerpt":{"rendered":"<p>Foi ajuizada pelo Minist\u00e9rio P\u00fablico do Paran\u00e1, em 26\/5\/2022, a\u00e7\u00e3o civil p\u00fablica contra um grande supermercado\u00a0de\u00a0Campo Mour\u00e3o\u00a0[1].\u00a0O estabelecimento estaria coletando dados pessoais dos clientes em desconformidade com a Lei Geral de Prote\u00e7\u00e3o de Dados Pessoais (LGPD). A origem do tratamento de dados tido como irregular estaria em pr\u00e1ticas anteriores \u00e0 vig\u00eancia da LGPD. A rede [&hellip;]<\/p>\n","protected":false},"author":7,"featured_media":1073,"comment_status":"closed","ping_status":"open","sticky":false,"template":"","format":"standard","meta":{"_acf_changed":false,"footnotes":""},"categories":[4],"tags":[],"class_list":["post-1070","post","type-post","status-publish","format-standard","has-post-thumbnail","hentry","category-noticias"],"acf":[],"_links":{"self":[{"href":"https:\/\/lealqueiroz.adv.br\/index.php?rest_route=\/wp\/v2\/posts\/1070","targetHints":{"allow":["GET"]}}],"collection":[{"href":"https:\/\/lealqueiroz.adv.br\/index.php?rest_route=\/wp\/v2\/posts"}],"about":[{"href":"https:\/\/lealqueiroz.adv.br\/index.php?rest_route=\/wp\/v2\/types\/post"}],"author":[{"embeddable":true,"href":"https:\/\/lealqueiroz.adv.br\/index.php?rest_route=\/wp\/v2\/users\/7"}],"replies":[{"embeddable":true,"href":"https:\/\/lealqueiroz.adv.br\/index.php?rest_route=%2Fwp%2Fv2%2Fcomments&post=1070"}],"version-history":[{"count":1,"href":"https:\/\/lealqueiroz.adv.br\/index.php?rest_route=\/wp\/v2\/posts\/1070\/revisions"}],"predecessor-version":[{"id":1075,"href":"https:\/\/lealqueiroz.adv.br\/index.php?rest_route=\/wp\/v2\/posts\/1070\/revisions\/1075"}],"wp:featuredmedia":[{"embeddable":true,"href":"https:\/\/lealqueiroz.adv.br\/index.php?rest_route=\/wp\/v2\/media\/1073"}],"wp:attachment":[{"href":"https:\/\/lealqueiroz.adv.br\/index.php?rest_route=%2Fwp%2Fv2%2Fmedia&parent=1070"}],"wp:term":[{"taxonomy":"category","embeddable":true,"href":"https:\/\/lealqueiroz.adv.br\/index.php?rest_route=%2Fwp%2Fv2%2Fcategories&post=1070"},{"taxonomy":"post_tag","embeddable":true,"href":"https:\/\/lealqueiroz.adv.br\/index.php?rest_route=%2Fwp%2Fv2%2Ftags&post=1070"}],"curies":[{"name":"wp","href":"https:\/\/api.w.org\/{rel}","templated":true}]}}