{"id":1049,"date":"2022-07-21T09:48:29","date_gmt":"2022-07-21T12:48:29","guid":{"rendered":"https:\/\/lealqueiroz.adv.br\/?p=1049"},"modified":"2023-10-25T00:31:03","modified_gmt":"2023-10-25T03:31:03","slug":"socio-de-empresa-de-transporte-deve-arcar-com-debitos-trabalhistas-em-processo-de-execucao","status":"publish","type":"post","link":"https:\/\/lealqueiroz.adv.br\/?p=1049","title":{"rendered":"S\u00f3cio de empresa de transporte deve arcar com d\u00e9bitos trabalhistas em processo de execu\u00e7\u00e3o"},"content":{"rendered":"<p style=\"font-weight: 400;\">Os magistrados da 3\u00aa Turma do TRT da 2\u00aa Regi\u00e3o negaram pedido de um dos donos da Via\u00e7\u00e3o Itapemirim S\/A para afastar sua responsabilidade em processo de execu\u00e7\u00e3o contra cinco empresas. Ele pretendia modificar senten\u00e7a que desconsiderou a personalidade jur\u00eddica da via\u00e7\u00e3o e direcionou a cobran\u00e7a trabalhista para o patrim\u00f4nio pessoal dos s\u00f3cios.<\/p>\n<p style=\"font-weight: 400;\">O empres\u00e1rio alega n\u00e3o estarem presentes os requisitos necess\u00e1rios para justificar a medida adotada pelo ju\u00edzo. Por\u00e9m o ac\u00f3rd\u00e3o, de relatoria do desembargador Paulo Eduardo Vieira de Oliveira, afirma que &#8220;diante das tentativas frustradas de constri\u00e7\u00e3o em desfavor das principais devedoras, sem que estas tenham indicado \u00e0 penhora qualquer bem livre e desembara\u00e7ado, imp\u00f5e-se o redirecionamento em face dos s\u00f3cios&#8221;.<\/p>\n<p style=\"font-weight: 400;\">A decis\u00e3o da Turma se fundamenta em jurisprud\u00eancia do Tribunal Superior do Trabalho, no C\u00f3digo Civil, no C\u00f3digo de Processo Civil e no C\u00f3digo de Defesa do Consumidor. Este \u00faltimo (CDC) adota a &#8220;teoria menor da desconsidera\u00e7\u00e3o da personalidade jur\u00eddica&#8221;, segundo a qual o n\u00e3o cumprimento da obriga\u00e7\u00e3o pela principal devedora \u00e9 suficiente para redirecionar a execu\u00e7\u00e3o contra o patrim\u00f4nio pessoal de seus s\u00f3cios.<\/p>\n<p style=\"font-weight: 400;\">O desembargador-relator do ac\u00f3rd\u00e3o afirma, ainda, que &#8220;caberia ao agravante indicar bens das devedoras principais h\u00e1beis \u00e0 satisfa\u00e7\u00e3o da execu\u00e7\u00e3o (&#8230;), at\u00e9 como medida de se eximir da execu\u00e7\u00e3o, mas n\u00e3o o fez&#8221;. Assim, manteve a decis\u00e3o do ju\u00edzo original.<\/p>\n<p style=\"font-weight: 400;\">(Processo n\u00ba 1001473-24.2021.5.02.0313)<\/p>\n<p>Fonte: <a href=\"https:\/\/www.abras.com.br\/clipping\/juridico\/111532\/socio-de-empresa-de-transporte-deve-arcar-com-debitos-trabalhistas-em-processo-de-execucao\">ABRAS (Associa\u00e7\u00e3o Brasileira de Supermercado)<\/a><\/p>\n","protected":false},"excerpt":{"rendered":"<p>Os magistrados da 3\u00aa Turma do TRT da 2\u00aa Regi\u00e3o negaram pedido de um dos donos da Via\u00e7\u00e3o Itapemirim S\/A para afastar sua responsabilidade em processo de execu\u00e7\u00e3o contra cinco empresas. Ele pretendia modificar senten\u00e7a que desconsiderou a personalidade jur\u00eddica da via\u00e7\u00e3o e direcionou a cobran\u00e7a trabalhista para o patrim\u00f4nio pessoal dos s\u00f3cios. O empres\u00e1rio [&hellip;]<\/p>\n","protected":false},"author":7,"featured_media":1052,"comment_status":"closed","ping_status":"open","sticky":false,"template":"","format":"standard","meta":{"_acf_changed":false,"footnotes":""},"categories":[4],"tags":[],"class_list":["post-1049","post","type-post","status-publish","format-standard","has-post-thumbnail","hentry","category-noticias"],"acf":[],"_links":{"self":[{"href":"https:\/\/lealqueiroz.adv.br\/index.php?rest_route=\/wp\/v2\/posts\/1049","targetHints":{"allow":["GET"]}}],"collection":[{"href":"https:\/\/lealqueiroz.adv.br\/index.php?rest_route=\/wp\/v2\/posts"}],"about":[{"href":"https:\/\/lealqueiroz.adv.br\/index.php?rest_route=\/wp\/v2\/types\/post"}],"author":[{"embeddable":true,"href":"https:\/\/lealqueiroz.adv.br\/index.php?rest_route=\/wp\/v2\/users\/7"}],"replies":[{"embeddable":true,"href":"https:\/\/lealqueiroz.adv.br\/index.php?rest_route=%2Fwp%2Fv2%2Fcomments&post=1049"}],"version-history":[{"count":2,"href":"https:\/\/lealqueiroz.adv.br\/index.php?rest_route=\/wp\/v2\/posts\/1049\/revisions"}],"predecessor-version":[{"id":1055,"href":"https:\/\/lealqueiroz.adv.br\/index.php?rest_route=\/wp\/v2\/posts\/1049\/revisions\/1055"}],"wp:featuredmedia":[{"embeddable":true,"href":"https:\/\/lealqueiroz.adv.br\/index.php?rest_route=\/wp\/v2\/media\/1052"}],"wp:attachment":[{"href":"https:\/\/lealqueiroz.adv.br\/index.php?rest_route=%2Fwp%2Fv2%2Fmedia&parent=1049"}],"wp:term":[{"taxonomy":"category","embeddable":true,"href":"https:\/\/lealqueiroz.adv.br\/index.php?rest_route=%2Fwp%2Fv2%2Fcategories&post=1049"},{"taxonomy":"post_tag","embeddable":true,"href":"https:\/\/lealqueiroz.adv.br\/index.php?rest_route=%2Fwp%2Fv2%2Ftags&post=1049"}],"curies":[{"name":"wp","href":"https:\/\/api.w.org\/{rel}","templated":true}]}}