{"id":1031,"date":"2022-07-11T11:30:45","date_gmt":"2022-07-11T14:30:45","guid":{"rendered":"https:\/\/lealqueiroz.adv.br\/?p=1031"},"modified":"2023-10-25T00:30:51","modified_gmt":"2023-10-25T03:30:51","slug":"trt-mantem-justa-causa-de-trabalhador-que-postou-conteudo-ofensivo-a-empregador-este-trecho-e-parte-de-conteudo-que-pode-ser-compartilhado-utilizando-o-link-https-valor-globo-com-legislacao-noticia","status":"publish","type":"post","link":"https:\/\/lealqueiroz.adv.br\/?p=1031","title":{"rendered":"TRT mant\u00e9m justa causa de trabalhador que postou conte\u00fado ofensivo a empregador"},"content":{"rendered":"<p>O Tribunal Regional do Trabalho (TRT) de S\u00e3o Paulo manteve a dispensa por justa causa de empregado de uma rede de supermercados do litoral paulista que postou conte\u00fado ofensivo \u00e0 empresa. O trabalhador compartilhou uma not\u00edcia no Facebook que era prejudicial \u00e0 imagem do empregador e escreveu um coment\u00e1rio jocoso sobre a situa\u00e7\u00e3o.<\/p>\n<p>A not\u00edcia abordava ocasi\u00e3o em que produtos vencidos, separados para o descarte, foram encontrados pela vigil\u00e2ncia sanit\u00e1ria no supermercado. Segundo a companhia, tratou-se de um mal-entendido que foi esclarecido posteriormente com o \u00f3rg\u00e3o competente, mas o coment\u00e1rio ofensivo do empregado j\u00e1 havia causado preju\u00edzo. No coment\u00e1rio, escreveu: \u201cBem-vindo ao primeiro pre\u00e7o, kkk\u201d.<\/p>\n<p>O trabalhador buscou se defender sob a alega\u00e7\u00e3o de que a puni\u00e7\u00e3o n\u00e3o est\u00e1 amparada na CLT e de que a conduta foi t\u00e3o somente o exerc\u00edcio do direito de se expressar. Al\u00e9m disso, como foi realizado fora do trabalho, o ato n\u00e3o teria gerado nenhum preju\u00edzo \u00e0 empregadora.<\/p>\n<p>Por\u00e9m, para a relatora do caso no TRT, desembargadora D\u00f3ris Ribeiro Torres Prina,\u201co coment\u00e1rio propalado por meio da rede social, indubitavelmente, macula a imagem da empresa e a prejudica perante seus clientes. De tal modo, imposs\u00edvel acolher suas alega\u00e7\u00f5es em nome da liberdade de express\u00e3o, eis que esta n\u00e3o \u00e9 absoluta, pois tem limites na ofensa ao pr\u00f3ximo\u201d.<\/p>\n<p>Com a decis\u00e3o, ficaram prejudicados os pedidos do trabalhador por verbas associadas \u00e0 dispensa imotivada, incluindo 40% sobre o TRT e seguro-desemprego indenizado. O processo tratou ainda sobre ac\u00famulo de fun\u00e7\u00e3o e litig\u00e2ncia de m\u00e1-f\u00e9, temas nos quais o empregado tamb\u00e9m saiu derrotado.<\/p>\n<p>&nbsp;<\/p>\n<p><a href=\"https:\/\/valor.globo.com\/legislacao\/noticia\/2022\/07\/07\/trt-mantem-justa-causa-de-trabalhador-que-postou-conteudo-ofensivo-a-empregador.ghtml\">Fonte: Valor Econ\u00f4mico.<\/a><\/p>\n<p>&nbsp;<\/p>\n","protected":false},"excerpt":{"rendered":"<p>O Tribunal Regional do Trabalho (TRT) de S\u00e3o Paulo manteve a dispensa por justa causa de empregado de uma rede de supermercados do litoral paulista que postou conte\u00fado ofensivo \u00e0 empresa. O trabalhador compartilhou uma not\u00edcia no Facebook que era prejudicial \u00e0 imagem do empregador e escreveu um coment\u00e1rio jocoso sobre a situa\u00e7\u00e3o. A not\u00edcia [&hellip;]<\/p>\n","protected":false},"author":7,"featured_media":1034,"comment_status":"closed","ping_status":"open","sticky":false,"template":"","format":"standard","meta":{"_acf_changed":false,"footnotes":""},"categories":[4],"tags":[],"class_list":["post-1031","post","type-post","status-publish","format-standard","has-post-thumbnail","hentry","category-noticias"],"acf":[],"_links":{"self":[{"href":"https:\/\/lealqueiroz.adv.br\/index.php?rest_route=\/wp\/v2\/posts\/1031","targetHints":{"allow":["GET"]}}],"collection":[{"href":"https:\/\/lealqueiroz.adv.br\/index.php?rest_route=\/wp\/v2\/posts"}],"about":[{"href":"https:\/\/lealqueiroz.adv.br\/index.php?rest_route=\/wp\/v2\/types\/post"}],"author":[{"embeddable":true,"href":"https:\/\/lealqueiroz.adv.br\/index.php?rest_route=\/wp\/v2\/users\/7"}],"replies":[{"embeddable":true,"href":"https:\/\/lealqueiroz.adv.br\/index.php?rest_route=%2Fwp%2Fv2%2Fcomments&post=1031"}],"version-history":[{"count":2,"href":"https:\/\/lealqueiroz.adv.br\/index.php?rest_route=\/wp\/v2\/posts\/1031\/revisions"}],"predecessor-version":[{"id":1037,"href":"https:\/\/lealqueiroz.adv.br\/index.php?rest_route=\/wp\/v2\/posts\/1031\/revisions\/1037"}],"wp:featuredmedia":[{"embeddable":true,"href":"https:\/\/lealqueiroz.adv.br\/index.php?rest_route=\/wp\/v2\/media\/1034"}],"wp:attachment":[{"href":"https:\/\/lealqueiroz.adv.br\/index.php?rest_route=%2Fwp%2Fv2%2Fmedia&parent=1031"}],"wp:term":[{"taxonomy":"category","embeddable":true,"href":"https:\/\/lealqueiroz.adv.br\/index.php?rest_route=%2Fwp%2Fv2%2Fcategories&post=1031"},{"taxonomy":"post_tag","embeddable":true,"href":"https:\/\/lealqueiroz.adv.br\/index.php?rest_route=%2Fwp%2Fv2%2Ftags&post=1031"}],"curies":[{"name":"wp","href":"https:\/\/api.w.org\/{rel}","templated":true}]}}