{"id":1014,"date":"2022-07-06T09:20:37","date_gmt":"2022-07-06T12:20:37","guid":{"rendered":"https:\/\/lealqueiroz.adv.br\/?p=1014"},"modified":"2023-10-25T00:30:43","modified_gmt":"2023-10-25T03:30:43","slug":"quem-e-o-suboperador-nova-definicao-trazida-pela-autoridade-nacional-de-protecao-de-dados-entidade-responsavel-por-fiscalizar-o-cumprimento-da-lgpd","status":"publish","type":"post","link":"https:\/\/lealqueiroz.adv.br\/?p=1014","title":{"rendered":"Quem \u00e9 o suboperador, nova defini\u00e7\u00e3o trazida pela autoridade nacional de prote\u00e7\u00e3o de dados, entidade respons\u00e1vel por fiscalizar o cumprimento da LGPD?"},"content":{"rendered":"<p>Em 28 de abril de 2022, a Autoridade Nacional de Prote\u00e7\u00e3o de Dados (ANPD) publicou a nova vers\u00e3o do Guia de Agentes de Tratamento de Dados, que dentro de suas disposi\u00e7\u00f5es, inovou ao trazer o conceito e as responsabilidades do suboperador.<\/p>\n<p>Mas, na pr\u00e1tica, quem \u00e9 o suboperador?<\/p>\n<p>Antes de adentrar neste assunto, \u00e9 importante ressaltar que a LGPD definiu apenas o controlador e o operador (artigo 5\u00ba, incisos VI, VII e IX, da LGPD) como agentes de tratamento de dados.<\/p>\n<p>Para esclarecer ao leitor, o controlador \u00e9 a pessoa jur\u00eddica, direito p\u00fablico ou privado, a quem competem as decis\u00f5es do tratamento dos dados pessoais. O operador por sua vez, \u00e9 quem realiza o tratamento dos dados conforme as decis\u00f5es do controlador.<\/p>\n<p>Isto esclarecido, a Autoridade Nacional entendeu que o conceito dos agentes de tratamento n\u00e3o devia se limitar exclusivamente ao controlador e operador. Deste modo:<\/p>\n<p>[&#8230;] a falta do conceito de suboperador na LGPD n\u00e3o impossibilita ou torna ilegal que ele exista ou que tenha fun\u00e7\u00f5es, compet\u00eancias e responsabilidade no ambiente de prote\u00e7\u00e3o de dados pessoais brasileiro. [&#8230;] importa saber que o suboperador \u00e9 aquele contratado pelo operador para auxili\u00e1-lo a realizar o tratamento de dados pessoais em nome do controlador. A rela\u00e7\u00e3o direta do suboperador \u00e9 com o operador e n\u00e3o com o controlador.<\/p>\n<p>(ANPD, Guia de Agentes de Tratamento de Dados Pessoais e do Encarregado, 2022.)<\/p>\n<p>Neste entendimento, cito, pois, o seguinte exemplo: com o objetivo de alavancar suas vendas, a empresa (controlador) realiza a contrata\u00e7\u00e3o de prestador de servi\u00e7o (operador) para realizar pesquisa de mercado. Ap\u00f3s realizar a pesquisa conforme \u00e0s determina\u00e7\u00f5es daquela, esse deve mensurar e enviar-lhe os resultados decorrentes da pesquisa. Por\u00e9m, para execu\u00e7\u00e3o dos seus servi\u00e7os, o prestador precisa contratar servi\u00e7o de armazenamento em nuvem de empresa (suboperador) especializada no ramo da tecnologia.<\/p>\n<p>De acordo com o entendimento da ANPD, e o exemplo supracitado, \u00e9 poss\u00edvel notar que a referida Autoridade ampliou o rol dos agentes de tratamento de dados pessoais previstos na LGPD e, por consequ\u00eancia, a responsabilidade solid\u00e1ria prevista no artigo 42, par\u00e1grafo primeiro, inciso I, da lei, isto porque o suboperador poder\u00e1 ser equiparado ao operador em caso de descumprimento aos termos da nova lei, e responder, da mesma forma que esse, perante a Autoridade Nacional de Prote\u00e7\u00e3o de Dados e demais \u00f3rg\u00e3os de fiscaliza\u00e7\u00e3o.<\/p>\n<p>O Guia de Agentes de Tratamento de Dados refor\u00e7a, ent\u00e3o, a import\u00e2ncia da necessidade de pactuar contratos que versem sobre a responsabilidade desses agentes quanto aos dados pessoais tratados, especialmente a adequa\u00e7\u00e3o dos agentes citados aos dispositivos da Lei Geral de Prote\u00e7\u00e3o de Dados.<\/p>\n<p>&nbsp;<\/p>\n<p>Texto por:\u00a0<a href=\"https:\/\/lealqueiroz.adv.br\/equipe\/lizandra-batista\/\"><strong>Lizandra Batista (<\/strong><strong>Advogada da \u00e1rea LGPD)<\/strong><\/a><\/p>\n<p>&nbsp;<\/p>\n<h4>RESTARAM D\u00daVIDAS? ENTRE EM CONTATO CONOSCO<\/h4>\n<p>LEAL QUEIROZ ADVOCACIA CORPORATIVA<br \/>\n(83) 3077-2107<br \/>\n<a href=\"mailto:contato@lealqueiroz.adv.br\">contato@lealqueiroz.adv.br<\/a><\/p>\n<p>&nbsp;<\/p>\n<p><strong>REFER\u00caNCIAS BIBLIOGR\u00c1FICAS<\/strong><\/p>\n<p>Autoridade Nacional de Prote\u00e7\u00e3o de Dados<strong>.<\/strong> <strong>GUIA ORIENTATIVO PARA DEFINI\u00c7\u00d5ES DOS AGENTES DE TRATAMENTO DE DADOS PESSOAIS E DO ENCARREGADO \u2013 Vers\u00e3o 2.0. <\/strong>2022. Dispon\u00edvel em: &lt;<a href=\"https:\/\/www.gov.br\/anpd\/pt-br\/documentos-e\">https:\/\/www.gov.br\/anpd\/pt-br\/documentos-e<\/a><u>-publicacoes\/Segunda_Versao_do_Guia_de_Agentes_de_<\/u> <u>Tratamento_retificada.pdf&gt;<\/u>. Acesso em: 12 de junho de 2022.<\/p>\n","protected":false},"excerpt":{"rendered":"<p>Em 28 de abril de 2022, a Autoridade Nacional de Prote\u00e7\u00e3o de Dados (ANPD) publicou a nova vers\u00e3o do Guia de Agentes de Tratamento de Dados, que dentro de suas disposi\u00e7\u00f5es, inovou ao trazer o conceito e as responsabilidades do suboperador. Mas, na pr\u00e1tica, quem \u00e9 o suboperador? Antes de adentrar neste assunto, \u00e9 importante [&hellip;]<\/p>\n","protected":false},"author":7,"featured_media":1017,"comment_status":"closed","ping_status":"open","sticky":false,"template":"","format":"standard","meta":{"_acf_changed":false,"footnotes":""},"categories":[3],"tags":[],"class_list":["post-1014","post","type-post","status-publish","format-standard","has-post-thumbnail","hentry","category-artigos"],"acf":[],"_links":{"self":[{"href":"https:\/\/lealqueiroz.adv.br\/index.php?rest_route=\/wp\/v2\/posts\/1014","targetHints":{"allow":["GET"]}}],"collection":[{"href":"https:\/\/lealqueiroz.adv.br\/index.php?rest_route=\/wp\/v2\/posts"}],"about":[{"href":"https:\/\/lealqueiroz.adv.br\/index.php?rest_route=\/wp\/v2\/types\/post"}],"author":[{"embeddable":true,"href":"https:\/\/lealqueiroz.adv.br\/index.php?rest_route=\/wp\/v2\/users\/7"}],"replies":[{"embeddable":true,"href":"https:\/\/lealqueiroz.adv.br\/index.php?rest_route=%2Fwp%2Fv2%2Fcomments&post=1014"}],"version-history":[{"count":5,"href":"https:\/\/lealqueiroz.adv.br\/index.php?rest_route=\/wp\/v2\/posts\/1014\/revisions"}],"predecessor-version":[{"id":1022,"href":"https:\/\/lealqueiroz.adv.br\/index.php?rest_route=\/wp\/v2\/posts\/1014\/revisions\/1022"}],"wp:featuredmedia":[{"embeddable":true,"href":"https:\/\/lealqueiroz.adv.br\/index.php?rest_route=\/wp\/v2\/media\/1017"}],"wp:attachment":[{"href":"https:\/\/lealqueiroz.adv.br\/index.php?rest_route=%2Fwp%2Fv2%2Fmedia&parent=1014"}],"wp:term":[{"taxonomy":"category","embeddable":true,"href":"https:\/\/lealqueiroz.adv.br\/index.php?rest_route=%2Fwp%2Fv2%2Fcategories&post=1014"},{"taxonomy":"post_tag","embeddable":true,"href":"https:\/\/lealqueiroz.adv.br\/index.php?rest_route=%2Fwp%2Fv2%2Ftags&post=1014"}],"curies":[{"name":"wp","href":"https:\/\/api.w.org\/{rel}","templated":true}]}}